{"id":9668,"date":"2026-01-29T13:33:31","date_gmt":"2026-01-29T13:33:31","guid":{"rendered":"https:\/\/i-interact.eu\/wordpress\/?p=9668"},"modified":"2026-01-29T13:33:32","modified_gmt":"2026-01-29T13:33:32","slug":"weekly-inspiration-129","status":"publish","type":"post","link":"https:\/\/i-interact.eu\/wordpress\/?p=9668","title":{"rendered":"Weekly Inspiration"},"content":{"rendered":"\n<p>Un manager \u00eemi povestea recent despre o \u00eent\u00e2lnire de evaluare a performan\u021bei cu unul dintre membrii echipei sale. Nu fusese o \u00eent\u00e2lnire simpl\u0103, dar nu din motivele obi\u0219nuite.<br>La un moment dat, angajatul a sus\u021binut c\u0103 realizase mai multe rapoarte dec\u00e2t to\u021bi ceilal\u021bi colegi. Managerul a verificat datele \u0219i i-a spus c\u0103 realizase cinci, \u00een timp ce un alt coleg ajunsese la opt.<br>Replica a venit imediat, f\u0103r\u0103 ezitare sau ironie, non\u0219alant\u0103: \u201eDa, cinci e mai mare dec\u00e2t opt.\u201d<\/p>\n\n\n\n<p>A urmat o t\u0103cere scurt\u0103. Genul de pauz\u0103 \u00een care te \u00eentrebi dac\u0103 ai auzit corect. Provocat s\u0103 explice, angajatul a continuat cu o serie de argumente care, cel pu\u021bin la suprafa\u021b\u0103, p\u0103reau s\u0103 duc\u0103 discu\u021bia \u00eentr-o zon\u0103 de rezonabil.<\/p>\n\n\n\n<p>Elementul de blocaj nu a fost lipsa adev\u0103rului factual \u2013 suntem cu to\u021bii obi\u0219nui\u021bi s\u0103 o gestion\u0103m cumva o minciun\u0103 \u2013 ci siguran\u021ba cu care era enun\u021bat\u0103 o absurditate. Nu afirma\u021bia \u00een sine, ci felul \u00een care era sus\u021binut\u0103, ca \u0219i cum adev\u0103rul sau logica ar fi fost detalii negociabile.<br>Ce mi-a atras aten\u021bia la aceast\u0103 poveste a fost percep\u021bia imediat\u0103 c\u0103, \u00een ultimul timp, am tot mai des aceast\u0103 senza\u021bie de nerezonabil: \u00eent\u00e2lnirea cu argumente care debusoleaz\u0103 nu prin complexitate, ci prin lipsa de logic\u0103 minimal\u0103 sau prin r\u0103sturnarea faptelor f\u0103r\u0103 jen\u0103. Suntem \u00een plin\u0103 epoc\u0103 a \u201epost-adev\u0103rului\u201d \u0219i, atunci c\u00e2nd am auzit prima oar\u0103 termenul, mi-a luat timp nu doar s\u0103 \u00eel \u00een\u021beleg, ci \u0219i s\u0103 \u00eel accept. \u00cen epoca post-adev\u0103rului, adev\u0103rul nu dispare \u2013 devine op\u021bional.<\/p>\n\n\n\n<p>Zona politic\u0103 a fost cea care s-a folosit cel mai vizibil de aceast\u0103 mutare, iar prin for\u021ba exemplului, amplificat\u0103 de noile medii de comunicare, acest tip de discurs se insinueaz\u0103 treptat \u0219i \u00een alte zone sociale, inclusiv \u00een cele \u00een care nu eram obi\u0219nui\u021bi cu el, cum ar fi spa\u021biul profesional. Cred \u2013 \u0219i resimt \u2013 c\u0103 acest fenomen are un impact psihologic semnificativ, ad\u0103ug\u00e2nd un strat suplimentar de stres \u00eentr-o perioad\u0103 deja \u00eenc\u0103rcat\u0103 de factori destabilizatori.<\/p>\n\n\n\n<p>Se vorbe\u0219te mult despre rezilien\u021b\u0103 \u00een acest context, dar am senza\u021bia c\u0103 termenul risc\u0103 s\u0103 se goleasc\u0103 de con\u021binut dac\u0103 r\u0103m\u00e2ne doar la nivel de adaptare emo\u021bional\u0103. Un om cu un anumit e\u0219afodaj educa\u021bional tinde s\u0103 reac\u021bioneze prin surpriz\u0103 \u0219i stupoare \u00een fa\u021ba lipsei de logic\u0103 sau de adev\u0103r. Poate c\u0103 aceast\u0103 mirare ne \u0219i face s\u0103 ne sim\u021bim, \u00eentr-un fel, inteligen\u021bi: semnalul interior c\u0103 \u201enoi vedem\u201d ceea ce altora le scap\u0103. Doar c\u0103, repetat\u0103, mirarea nu mai este un rafinament intelectual, ci o form\u0103 de blocaj \u00een fa\u021ba unei realit\u0103\u021bi care nu mai func\u021bioneaz\u0103 dup\u0103 regulile pe care le presupuneam comune.<\/p>\n\n\n\n<p>Recalibrarea a\u0219tept\u0103rilor cognitive nu \u00eenseamn\u0103 relativism \u0219i nici acceptarea minciunii. Nu \u00eenseamn\u0103 s\u0103 valid\u0103m argumente false sau s\u0103 renun\u021b\u0103m la criterii. \u00censeamn\u0103, mai degrab\u0103, s\u0103 \u00eencet\u0103m s\u0103 mai presupunem implicit c\u0103 orice interlocutor va juca dup\u0103 regulile minime ale adev\u0103rului \u0219i logicii. Costul social al nerezonabilului a ajuns, din p\u0103cate, foarte aproape de zero, iar asta face ca utilizarea lui s\u0103 devin\u0103 nu doar posibil\u0103, ci probabil\u0103, inclusiv \u00een contexte \u00een care alt\u0103dat\u0103 ar fi fost sanc\u021bionat\u0103 imediat.<\/p>\n\n\n\n<p>Poate c\u0103 una dintre formele de rezilien\u021b\u0103 ale prezentului \u00eencepe exact aici: \u00een momentul \u00een care nu ne mai bloc\u0103m sau nu ne mai sim\u021bim superiori intelectual \u00een fa\u021ba lipsei de logic\u0103, ci recunoa\u0219tem c\u0103 surpriza constant\u0103 nu este o dovad\u0103 de luciditate, ci un semn c\u0103 \u00eenc\u0103 oper\u0103m cu a\u0219tept\u0103ri gre\u0219ite fa\u021b\u0103 de noul context.<\/p>\n\n\n\n<p><\/p>\n\n\n\n<p>Weekly Inspiration scris de Lucian Mihai.<\/p>\n","protected":false},"excerpt":{"rendered":"<p>Un manager \u00eemi povestea recent despre o \u00eent\u00e2lnire de evaluare a performan\u021bei cu unul dintre membrii echipei sale. Nu fusese o \u00eent\u00e2lnire simpl\u0103, dar nu din motivele obi\u0219nuite.La un moment dat, angajatul&#8230;<\/p>\n","protected":false},"author":1,"featured_media":9579,"comment_status":"closed","ping_status":"closed","sticky":false,"template":"","format":"standard","meta":[],"categories":[18],"tags":[],"_links":{"self":[{"href":"https:\/\/i-interact.eu\/wordpress\/index.php?rest_route=\/wp\/v2\/posts\/9668"}],"collection":[{"href":"https:\/\/i-interact.eu\/wordpress\/index.php?rest_route=\/wp\/v2\/posts"}],"about":[{"href":"https:\/\/i-interact.eu\/wordpress\/index.php?rest_route=\/wp\/v2\/types\/post"}],"author":[{"embeddable":true,"href":"https:\/\/i-interact.eu\/wordpress\/index.php?rest_route=\/wp\/v2\/users\/1"}],"replies":[{"embeddable":true,"href":"https:\/\/i-interact.eu\/wordpress\/index.php?rest_route=%2Fwp%2Fv2%2Fcomments&post=9668"}],"version-history":[{"count":1,"href":"https:\/\/i-interact.eu\/wordpress\/index.php?rest_route=\/wp\/v2\/posts\/9668\/revisions"}],"predecessor-version":[{"id":9669,"href":"https:\/\/i-interact.eu\/wordpress\/index.php?rest_route=\/wp\/v2\/posts\/9668\/revisions\/9669"}],"wp:featuredmedia":[{"embeddable":true,"href":"https:\/\/i-interact.eu\/wordpress\/index.php?rest_route=\/wp\/v2\/media\/9579"}],"wp:attachment":[{"href":"https:\/\/i-interact.eu\/wordpress\/index.php?rest_route=%2Fwp%2Fv2%2Fmedia&parent=9668"}],"wp:term":[{"taxonomy":"category","embeddable":true,"href":"https:\/\/i-interact.eu\/wordpress\/index.php?rest_route=%2Fwp%2Fv2%2Fcategories&post=9668"},{"taxonomy":"post_tag","embeddable":true,"href":"https:\/\/i-interact.eu\/wordpress\/index.php?rest_route=%2Fwp%2Fv2%2Ftags&post=9668"}],"curies":[{"name":"wp","href":"https:\/\/api.w.org\/{rel}","templated":true}]}}