{"id":9650,"date":"2025-12-05T12:13:12","date_gmt":"2025-12-05T12:13:12","guid":{"rendered":"https:\/\/i-interact.eu\/wordpress\/?p=9650"},"modified":"2025-12-05T12:13:13","modified_gmt":"2025-12-05T12:13:13","slug":"weekly-inspiration-123","status":"publish","type":"post","link":"https:\/\/i-interact.eu\/wordpress\/?p=9650","title":{"rendered":"Weekly Inspiration"},"content":{"rendered":"\n<p>\u201c\u00centreaga istorie a culturii este un lung \u0219ir de metafore, diferit intonate.\u201d Este un citat pe care \u00eemi amintesc c\u0103 l-am citit acum mult timp, probabil \u00eentr-o carte a lui Borges. Eminescu a scris ceva similar, ce probabil c\u0103 toti ne amintim, \u201cToate-s vechi si nou\u0103 toate\u201d.<\/p>\n\n\n\n<p><br>Sunt multe exemple \u00een jur. Dac\u0103 ne uit\u0103m la mod\u0103, putem spune c\u0103 stilurile nu dispar, apar pe r\u00e2nd \u00een scen\u0103, \u00een lumina reflectoarelor, apoi se retrag discret \u00een culise, pentru a l\u0103sa locul altora, pentru o vreme. Vorbeam la un workshop despre strategii de negociere \u0219i managementul conflictelor, iar un participant a spus c\u0103 Arta Razboiului, a lui Sun Tzu, con\u021bine majoritatea principiilor lumii moderne despre aceste subiecte.<\/p>\n\n\n\n<p><br>Dac\u0103 am \u00eenv\u0103\u021bat, citit mult \u00een via\u021b\u0103, este greu s\u0103 ne surprind\u0103 vreun concept nou. Acum, c\u00e2nd informatia este \u00een v\u00e2rful degetelor, este cu at\u00e2t mai greu s\u0103 ne zguduie lumea cineva. Dar nu este doar despre informa\u021bie. Toate platitudinile care circula pe net, de genul \u201cpoart\u0103-te cu ceilal\u021bi cum \u00ee\u0219i doresc ei s\u0103 te por\u021bi\u201d, \u201clas\u0103-l pe cel\u0103lalt s\u0103 termine ce are de spus, nu \u00eei lua vorba din gur\u0103\u201d, \u201cnimeni nu se duce la serviciu cu g\u00e2ndul de a nu face nimic\u201d, ne fac probabil s\u0103 credem c\u0103 \u0219tim tot. A \u0219ti niste citate este bine, \u00eens\u0103 nu suficient. Acestea ne dau doar iluzia cunoa\u0219terii. A avea acces la informa\u021bie nu \u00eenseamn\u0103 a \u0219ti. \u0218tim, poate, unde s\u0103 c\u0103ut\u0103m, dar ce facem cu informa\u021bia primit\u0103? Cum o punem sub semn de \u00eentrebare, cum o corel\u0103m cu alte informa\u021bii? O \u00eentrebare pe care merit\u0103 s\u0103 ne-o punem este: c\u00e2t de buni suntem la ceea ce \u0219tim?<\/p>\n\n\n\n<p><br>De exemplu, c\u00e2\u021bi dintre noi nu \u0219tim c\u0103 este important s\u0103 comunic\u0103m bine, s\u0103 fim \u00een\u021beleg\u0103tori, empatici, \u0219i totusi nu ne comport\u0103m ca atare de multe ori? Sau, \u0219tim c\u0103 e bine s\u0103 ne respect\u0103m aproapele indiferent de gen, na\u021bionalitate, religie, v\u00e2rst\u0103, statut, diferen\u021be cognitive, \u00eens\u0103 dac\u0103 a\u0219 avea 10 lei pentru c\u00e2te derapaje v\u0103d, aud zilnic, m-a\u0219 \u00eembog\u0103\u021bi. Recent, am avut, din p\u0103cate, o confirmare a acestei observa\u021bii, cu ocazia unui accident de ma\u0219in\u0103. Am auzit at\u00e2tea \u00eenjur\u0103turi la adresa mea din partea unor persoane sup\u0103rate c\u0103 m\u0103 oprisem s\u0103 o a\u0219tept pe doamna care m\u0103 lovise, c\u00e2t nu auzisem \u00een toat\u0103 via\u021ba. Culmea e c\u0103 atunci c\u00e2nd le ceream scuze pentru disconfort, le a\u021b\u00e2\u021bam mai tare. Cu siguran\u021b\u0103 \u0219tim to\u021bi cum e bine s\u0103 ne purt\u0103m cu cineva care tocmai a avut un accident, care ne cere scuze. Dar ce facem cu ce \u0219tim? Nu mai spun de o oarecare elegan\u021b\u0103 \u00een a te adresa unei femei.<\/p>\n\n\n\n<p><br>Reflect\u00e2nd la toate astea, parc\u0103 \u00eemi vine \u0219i mie s\u0103 spun, asemenea lui Fran\u00e7ois Villon, \u00een a sa \u201cBallade des dames du temps jadis\u201d, \u201cMais o\u00f9 sont les neiges d&#8217;antan?\u201d, unde sunt vremurile de altadata? Nu stiu pe unde eram \u0219i ce f\u0103ceam c\u00e2nd au c\u0103zut \u00een desuetudine bunul sim\u021b, smerenia, curiozitatea, dorin\u021ba de a ne educa, a \u00eenv\u0103\u021ba, discre\u021bia, generozitatea, r\u0103bdarea, bun\u0103tatea, integritatea. Oare chiar sunt pe cale de dispari\u021bie? Oare s\u0103 fi avut dreptate filozoful francez scriind c\u0103 bunul sim\u021b este cel mai r\u0103sp\u00e2ndit lucru de pe p\u0103m\u00e2nt \u0219i de aceea exist\u0103 at\u00e2t de pu\u021bin pentru fiecare?<\/p>\n\n\n\n<p><br>Weekly Inspiration scris de Georgeta Dendrino.<\/p>\n","protected":false},"excerpt":{"rendered":"<p>\u201c\u00centreaga istorie a culturii este un lung \u0219ir de metafore, diferit intonate.\u201d Este un citat pe care \u00eemi amintesc c\u0103 l-am citit acum mult timp, probabil \u00eentr-o carte a lui Borges. Eminescu&#8230;<\/p>\n","protected":false},"author":1,"featured_media":9600,"comment_status":"closed","ping_status":"closed","sticky":false,"template":"","format":"standard","meta":[],"categories":[18],"tags":[],"_links":{"self":[{"href":"https:\/\/i-interact.eu\/wordpress\/index.php?rest_route=\/wp\/v2\/posts\/9650"}],"collection":[{"href":"https:\/\/i-interact.eu\/wordpress\/index.php?rest_route=\/wp\/v2\/posts"}],"about":[{"href":"https:\/\/i-interact.eu\/wordpress\/index.php?rest_route=\/wp\/v2\/types\/post"}],"author":[{"embeddable":true,"href":"https:\/\/i-interact.eu\/wordpress\/index.php?rest_route=\/wp\/v2\/users\/1"}],"replies":[{"embeddable":true,"href":"https:\/\/i-interact.eu\/wordpress\/index.php?rest_route=%2Fwp%2Fv2%2Fcomments&post=9650"}],"version-history":[{"count":1,"href":"https:\/\/i-interact.eu\/wordpress\/index.php?rest_route=\/wp\/v2\/posts\/9650\/revisions"}],"predecessor-version":[{"id":9651,"href":"https:\/\/i-interact.eu\/wordpress\/index.php?rest_route=\/wp\/v2\/posts\/9650\/revisions\/9651"}],"wp:featuredmedia":[{"embeddable":true,"href":"https:\/\/i-interact.eu\/wordpress\/index.php?rest_route=\/wp\/v2\/media\/9600"}],"wp:attachment":[{"href":"https:\/\/i-interact.eu\/wordpress\/index.php?rest_route=%2Fwp%2Fv2%2Fmedia&parent=9650"}],"wp:term":[{"taxonomy":"category","embeddable":true,"href":"https:\/\/i-interact.eu\/wordpress\/index.php?rest_route=%2Fwp%2Fv2%2Fcategories&post=9650"},{"taxonomy":"post_tag","embeddable":true,"href":"https:\/\/i-interact.eu\/wordpress\/index.php?rest_route=%2Fwp%2Fv2%2Ftags&post=9650"}],"curies":[{"name":"wp","href":"https:\/\/api.w.org\/{rel}","templated":true}]}}