{"id":9088,"date":"2022-04-11T07:53:22","date_gmt":"2022-04-11T07:53:22","guid":{"rendered":"https:\/\/i-interact.eu\/wordpress\/?p=9088"},"modified":"2022-04-11T07:53:22","modified_gmt":"2022-04-11T07:53:22","slug":"leadership-in-lumea-mai-buna-pe-care-ne-o-dorim","status":"publish","type":"post","link":"https:\/\/i-interact.eu\/wordpress\/?p=9088","title":{"rendered":"Leadership \u00een lumea mai bun\u0103 pe care ne-o dorim"},"content":{"rendered":"\n<div class=\"wp-block-image\"><figure class=\"aligncenter size-full\"><img loading=\"lazy\" width=\"1024\" height=\"682\" src=\"http:\/\/i-interact.eu\/wordpress\/wp-content\/uploads\/georg.jpeg\" alt=\"\" class=\"wp-image-8931 img-fluid\" srcset=\"https:\/\/i-interact.eu\/wordpress\/wp-content\/uploads\/georg.jpeg 1024w, https:\/\/i-interact.eu\/wordpress\/wp-content\/uploads\/georg-300x199.jpg 300w\" sizes=\"(max-width: 1024px) 100vw, 1024px\" \/><\/figure><\/div>\n\n\n\n<p>\u201e(\u2026) Un proverb latin spune c\u0103 \u2018e absurd ca o persoan\u0103 care nu se poate conduce pe sine s\u0103 \u00eei conduc\u0103 pe al\u021bii\u2019. \u0218i, totu\u0219i, realitatea contemporan\u0103 ne demonstreaz\u0103 c\u0103 suntem deseori ca \u00eentr-un teatru al absurdului.<br>Dac\u0103 ne uit\u0103m la nivel global, pu\u021bini conduc\u0103tori de \u021bar\u0103, guvern, ora\u0219 sau companie, au reu\u0219it s\u0103 se ridice la rangul dat de conota\u021bia cuv\u00e2ntului lider. Narcisismul multora, interesele de partid, au primat fa\u021b\u0103 de interesele societ\u0103\u021bii, din nefericire.<\/p>\n\n\n\n<p><br>Premierul Noii Zeeleande, Jacinda Arden, este \u00eens\u0103 un exemplu de lider care a demonstrat multe din tr\u0103s\u0103turile unui lider al acestei perioade.<br>Jacinda Arden a \u00een\u021beles importan\u021ba unui angajament colectiv \u00een fa\u021ba pandemiei, a c\u00e2\u0219tigat \u00eencrederea \u00eentregii na\u021biuni pentru ca \u021bara s\u0103 intre \u00een lockdown \u0219i pentru alte m\u0103suri menite s\u0103 salveze vie\u021bi.<br>Iar ultimii doi ani au venit cu nenum\u0103rate teste grele pentru ea \u0219i to\u021bi liderii lumii. (\u2026)\u201d<br><\/p>\n\n\n\n<p>\u00centr-un articol nou pentru spotmedia.ro, Georgeta Dendrino vorbe\u0219te despre leadership-ul pe care ni-l dorim cu to\u021bii, \u00eens\u0103 pe care cu greu \u00eel g\u0103sim de cele mai multe ori.<br>G\u0103se\u0219ti \u00een articol \u0219i c\u00e2teva \u00eentreb\u0103ri, idei pentru un lider care se reg\u0103se\u0219te \u00een situa\u021bii problematice.<br><\/p>\n\n\n\n<p>Cite\u0219te articolul complet, aici: https:\/\/spotmedia.ro\/stiri\/opinii-si-analize\/leadership-in-lumea-mai-buna-pe-care-ne-o-dorim<\/p>\n","protected":false},"excerpt":{"rendered":"<p>\u201e(\u2026) Un proverb latin spune c\u0103 \u2018e absurd ca o persoan\u0103 care nu se poate conduce pe sine s\u0103 \u00eei conduc\u0103 pe al\u021bii\u2019. \u0218i, totu\u0219i, realitatea contemporan\u0103 ne demonstreaz\u0103 c\u0103 suntem deseori&#8230;<\/p>\n","protected":false},"author":1,"featured_media":0,"comment_status":"closed","ping_status":"closed","sticky":false,"template":"","format":"standard","meta":[],"categories":[23],"tags":[],"_links":{"self":[{"href":"https:\/\/i-interact.eu\/wordpress\/index.php?rest_route=\/wp\/v2\/posts\/9088"}],"collection":[{"href":"https:\/\/i-interact.eu\/wordpress\/index.php?rest_route=\/wp\/v2\/posts"}],"about":[{"href":"https:\/\/i-interact.eu\/wordpress\/index.php?rest_route=\/wp\/v2\/types\/post"}],"author":[{"embeddable":true,"href":"https:\/\/i-interact.eu\/wordpress\/index.php?rest_route=\/wp\/v2\/users\/1"}],"replies":[{"embeddable":true,"href":"https:\/\/i-interact.eu\/wordpress\/index.php?rest_route=%2Fwp%2Fv2%2Fcomments&post=9088"}],"version-history":[{"count":1,"href":"https:\/\/i-interact.eu\/wordpress\/index.php?rest_route=\/wp\/v2\/posts\/9088\/revisions"}],"predecessor-version":[{"id":9089,"href":"https:\/\/i-interact.eu\/wordpress\/index.php?rest_route=\/wp\/v2\/posts\/9088\/revisions\/9089"}],"wp:attachment":[{"href":"https:\/\/i-interact.eu\/wordpress\/index.php?rest_route=%2Fwp%2Fv2%2Fmedia&parent=9088"}],"wp:term":[{"taxonomy":"category","embeddable":true,"href":"https:\/\/i-interact.eu\/wordpress\/index.php?rest_route=%2Fwp%2Fv2%2Fcategories&post=9088"},{"taxonomy":"post_tag","embeddable":true,"href":"https:\/\/i-interact.eu\/wordpress\/index.php?rest_route=%2Fwp%2Fv2%2Ftags&post=9088"}],"curies":[{"name":"wp","href":"https:\/\/api.w.org\/{rel}","templated":true}]}}