{"id":9086,"date":"2022-04-11T07:51:23","date_gmt":"2022-04-11T07:51:23","guid":{"rendered":"https:\/\/i-interact.eu\/wordpress\/?p=9086"},"modified":"2022-04-11T07:51:24","modified_gmt":"2022-04-11T07:51:24","slug":"leadership-si-a-doua-pandemie","status":"publish","type":"post","link":"https:\/\/i-interact.eu\/wordpress\/?p=9086","title":{"rendered":"Leadership \u0219i a doua pandemie"},"content":{"rendered":"\n<div class=\"wp-block-image\"><figure class=\"aligncenter size-large\"><img loading=\"lazy\" width=\"680\" height=\"1024\" src=\"http:\/\/i-interact.eu\/wordpress\/wp-content\/uploads\/WhatsApp-Image-2021-02-11-at-14.25.45-680x1024.jpg\" alt=\"\" class=\"wp-image-8950 img-fluid\" srcset=\"https:\/\/i-interact.eu\/wordpress\/wp-content\/uploads\/WhatsApp-Image-2021-02-11-at-14.25.45-680x1024.jpg 680w, https:\/\/i-interact.eu\/wordpress\/wp-content\/uploads\/WhatsApp-Image-2021-02-11-at-14.25.45-199x300.jpg 199w, https:\/\/i-interact.eu\/wordpress\/wp-content\/uploads\/WhatsApp-Image-2021-02-11-at-14.25.45.jpeg 798w\" sizes=\"(max-width: 680px) 100vw, 680px\" \/><\/figure><\/div>\n\n\n\n<p>\u201e(\u2026) Studiile arat\u0103 c\u0103, atunci c\u00e2nd sunt \u00eentreba\u021bi despre cea mai bun\u0103 experien\u021b\u0103 pe care au avut-o cu un lider, cei mai mul\u021bi oameni fac referire la cei care i-au ajutat s\u0103 se dezvolte \u00een carier\u0103, care au fost one\u0219ti \u0219i au ac\u021bionat cu integritate, c\u0103rora le-a p\u0103sat de echipa lor.<br><\/p>\n\n\n\n<p>Oamenii \u00eei v\u0103d adesea pe lideri ca pe containere, \u00eemp\u0103rt\u0103\u0219esc cu ei pove\u0219ti despre ceea ce li s-a \u00eent\u00e2mplat \u00een pandemie, fie c\u0103 le afecteaz\u0103 explicit sau nu jobul. Liderul a devenit un fel de psiholog, volens nolens, a\u0219 \u00eendr\u0103zni s\u0103 spun, ceea ce se adaug\u0103 la agenda deja existent\u0103 a acestuia, la propriile incertitudini \u0219i anxiet\u0103\u021bile inerente.<\/p>\n\n\n\n<p><br>Dou\u0103 aspecte sunt importante \u00een aceast\u0103 perioad\u0103 \u2013 de\u0219i a\u0219 spune c\u0103 nu numai \u2013 ele \u021bin de igiena rela\u021bional\u0103:<br>\u2013 grija fa\u021b\u0103 de starea de bine \u0219i s\u0103n\u0103tatea mintal\u0103 a oamenilor din echip\u0103;<br>\u2013 concentrarea pe propria stare de bine. (\u2026)\u201d<\/p>\n\n\n\n<p><br>Georgeta Dendrino a scris un articol nou pentru Forbes Romania, \u00een care vorbe\u0219te despre ce presupune leadership-ul \u00een perioadele pe care le travers\u0103m de ceva timp.<\/p>\n\n\n\n<p><br>Cite\u0219te articolul complet aici: https:\/\/www.forbes.ro\/leadership-si-doua-pandemie-237048<\/p>\n","protected":false},"excerpt":{"rendered":"<p>\u201e(\u2026) Studiile arat\u0103 c\u0103, atunci c\u00e2nd sunt \u00eentreba\u021bi despre cea mai bun\u0103 experien\u021b\u0103 pe care au avut-o cu un lider, cei mai mul\u021bi oameni fac referire la cei care i-au ajutat s\u0103&#8230;<\/p>\n","protected":false},"author":1,"featured_media":0,"comment_status":"closed","ping_status":"closed","sticky":false,"template":"","format":"standard","meta":[],"categories":[23],"tags":[],"_links":{"self":[{"href":"https:\/\/i-interact.eu\/wordpress\/index.php?rest_route=\/wp\/v2\/posts\/9086"}],"collection":[{"href":"https:\/\/i-interact.eu\/wordpress\/index.php?rest_route=\/wp\/v2\/posts"}],"about":[{"href":"https:\/\/i-interact.eu\/wordpress\/index.php?rest_route=\/wp\/v2\/types\/post"}],"author":[{"embeddable":true,"href":"https:\/\/i-interact.eu\/wordpress\/index.php?rest_route=\/wp\/v2\/users\/1"}],"replies":[{"embeddable":true,"href":"https:\/\/i-interact.eu\/wordpress\/index.php?rest_route=%2Fwp%2Fv2%2Fcomments&post=9086"}],"version-history":[{"count":1,"href":"https:\/\/i-interact.eu\/wordpress\/index.php?rest_route=\/wp\/v2\/posts\/9086\/revisions"}],"predecessor-version":[{"id":9087,"href":"https:\/\/i-interact.eu\/wordpress\/index.php?rest_route=\/wp\/v2\/posts\/9086\/revisions\/9087"}],"wp:attachment":[{"href":"https:\/\/i-interact.eu\/wordpress\/index.php?rest_route=%2Fwp%2Fv2%2Fmedia&parent=9086"}],"wp:term":[{"taxonomy":"category","embeddable":true,"href":"https:\/\/i-interact.eu\/wordpress\/index.php?rest_route=%2Fwp%2Fv2%2Fcategories&post=9086"},{"taxonomy":"post_tag","embeddable":true,"href":"https:\/\/i-interact.eu\/wordpress\/index.php?rest_route=%2Fwp%2Fv2%2Ftags&post=9086"}],"curies":[{"name":"wp","href":"https:\/\/api.w.org\/{rel}","templated":true}]}}