{"id":9080,"date":"2022-04-11T07:46:04","date_gmt":"2022-04-11T07:46:04","guid":{"rendered":"https:\/\/i-interact.eu\/wordpress\/?p=9080"},"modified":"2022-04-11T07:46:04","modified_gmt":"2022-04-11T07:46:04","slug":"viata-la-superlativ","status":"publish","type":"post","link":"https:\/\/i-interact.eu\/wordpress\/?p=9080","title":{"rendered":"Via\u021ba la superlativ"},"content":{"rendered":"\n<div class=\"wp-block-image\"><figure class=\"aligncenter size-full\"><img loading=\"lazy\" width=\"333\" height=\"344\" src=\"http:\/\/i-interact.eu\/wordpress\/wp-content\/uploads\/alina-doica2.png\" alt=\"\" class=\"wp-image-6508 img-fluid\" srcset=\"https:\/\/i-interact.eu\/wordpress\/wp-content\/uploads\/alina-doica2.png 333w, https:\/\/i-interact.eu\/wordpress\/wp-content\/uploads\/alina-doica2-290x300.png 290w\" sizes=\"(max-width: 333px) 100vw, 333px\" \/><\/figure><\/div>\n\n\n\n<p>Diminea\u021ba, \u00een metrou, lume adormit\u0103 cu nasul \u00een telefoane. Pe pere\u021bii vagonului, diverse panouri publicitare, dintre care unul \u00eemi atrage aten\u021bia: o reclam\u0103 la o carte pentru copii intitulat\u0103 \u201dSuperaventurile scandalos de amuzante ale extraordinarului Danny Dingle\u201d. Hot\u0103r\u0103sc c\u0103 e prea devreme pentru a\u0219a o agresiune verbal\u0103, \u0219i \u00eemi v\u0103d de drum \u0219i de revista pe care o r\u0103sfoiesc.<br><\/p>\n\n\n\n<p>Dar g\u00e2ndul r\u0103m\u00e2ne cu mine \u0219i m\u0103 s\u00e2c\u00e2ie. Ce poate s\u0103 urmeze dup\u0103 un asemenea \u0219ir de superlative? Ce idee \u00ee\u0219i face copilul care cite\u0219te aceast\u0103 carte despre propria lui via\u021b\u0103? M\u0103 str\u0103duiesc s\u0103 nu dramatizez. Nu am nimic cu extraordinarul Danny \u0219i poate aventurile lui chiar sunt scandalos de amuzante. Mai bine s\u0103 cite\u0219ti orice dec\u00e2t nimic (de\u0219i nu-i a\u0219a simpl\u0103 dilema asta precum pare). Dar oare nu folosim superlativele cu prea mare larghe\u021be, \u00een \u00eencercarea de a ie\u0219i din cotidian? \u0218i urm\u00e2nd c\u00e2ntecul de siren\u0103 al unicit\u0103\u021bii \u2013 fii altfel, fii diferit, fii tu \u00eens\u0103\u021bi \u2013 nu risc\u0103m o mare frustrare fa\u021b\u0103 de banalitatea at\u00e2tor \u0219i at\u00e2tor momente pe care le tr\u0103im?<br><\/p>\n\n\n\n<p>De multe ori, spre final de s\u0103pt\u0103m\u00e2n\u0103, fetele mele m\u0103 \u00eentreab\u0103 ce program avem \u00een weekend. \u0218i se \u00eent\u00e2mpl\u0103 suficient de des s\u0103 le spun \u201dniciun program\u201d, sau \u201dcur\u0103\u021benie, cump\u0103r\u0103turi, etc\u201d, cea mai scurt\u0103 cale c\u0103tre ni\u0219te ochi da\u021bi peste cap \u0219i un \u201dpe buneee?!\u201d. Sigur c\u0103 mai facem \u0219i alte lucruri, ca orice familie. Ne mai juc\u0103m, ie\u0219im \u00een parc, vizit\u0103m diverse, ne \u00eent\u00e2lnim cu prietenii, improviz\u0103m.<br>Dar am observat c\u0103 unele dintre cele mai frumoase momente, fie ale noastre cu ele, fie ale lor s-au ivit dintr-o mare plictiseal\u0103. A\u0219adar, dac\u0103 via\u021ba la superlativ poate fi obositoare, iar cea la comparativ ne duce de-a dreptul spre nefericire, ce-ar fi s\u0103 \u00eencerc\u0103m via\u021ba la pozitiv \u0219i s\u0103 vedem ce are ea de oferit?\u201d<br><\/p>\n\n\n\n<p>Weekly Inspiration scris de Alina Doica.<\/p>\n","protected":false},"excerpt":{"rendered":"<p>Diminea\u021ba, \u00een metrou, lume adormit\u0103 cu nasul \u00een telefoane. Pe pere\u021bii vagonului, diverse panouri publicitare, dintre care unul \u00eemi atrage aten\u021bia: o reclam\u0103 la o carte pentru copii intitulat\u0103 \u201dSuperaventurile scandalos de&#8230;<\/p>\n","protected":false},"author":1,"featured_media":0,"comment_status":"closed","ping_status":"closed","sticky":false,"template":"","format":"standard","meta":[],"categories":[18],"tags":[],"_links":{"self":[{"href":"https:\/\/i-interact.eu\/wordpress\/index.php?rest_route=\/wp\/v2\/posts\/9080"}],"collection":[{"href":"https:\/\/i-interact.eu\/wordpress\/index.php?rest_route=\/wp\/v2\/posts"}],"about":[{"href":"https:\/\/i-interact.eu\/wordpress\/index.php?rest_route=\/wp\/v2\/types\/post"}],"author":[{"embeddable":true,"href":"https:\/\/i-interact.eu\/wordpress\/index.php?rest_route=\/wp\/v2\/users\/1"}],"replies":[{"embeddable":true,"href":"https:\/\/i-interact.eu\/wordpress\/index.php?rest_route=%2Fwp%2Fv2%2Fcomments&post=9080"}],"version-history":[{"count":1,"href":"https:\/\/i-interact.eu\/wordpress\/index.php?rest_route=\/wp\/v2\/posts\/9080\/revisions"}],"predecessor-version":[{"id":9081,"href":"https:\/\/i-interact.eu\/wordpress\/index.php?rest_route=\/wp\/v2\/posts\/9080\/revisions\/9081"}],"wp:attachment":[{"href":"https:\/\/i-interact.eu\/wordpress\/index.php?rest_route=%2Fwp%2Fv2%2Fmedia&parent=9080"}],"wp:term":[{"taxonomy":"category","embeddable":true,"href":"https:\/\/i-interact.eu\/wordpress\/index.php?rest_route=%2Fwp%2Fv2%2Fcategories&post=9080"},{"taxonomy":"post_tag","embeddable":true,"href":"https:\/\/i-interact.eu\/wordpress\/index.php?rest_route=%2Fwp%2Fv2%2Ftags&post=9080"}],"curies":[{"name":"wp","href":"https:\/\/api.w.org\/{rel}","templated":true}]}}