{"id":9074,"date":"2022-04-11T07:40:34","date_gmt":"2022-04-11T07:40:34","guid":{"rendered":"https:\/\/i-interact.eu\/wordpress\/?p=9074"},"modified":"2022-04-11T07:40:35","modified_gmt":"2022-04-11T07:40:35","slug":"proiect-zf-vodafone-femei-in-business-georgeta-dendrino-director-general-interact-tehnologia-ne-a-ajutat-sa-eficientizam-felul-in-care-facem-lucrurile","status":"publish","type":"post","link":"https:\/\/i-interact.eu\/wordpress\/?p=9074","title":{"rendered":"Proiect ZF\/Vodafone. Femei \u00een business. Georgeta Dendrino, director general, Interact: Tehnologia ne-a ajutat s\u0103 eficientiz\u0103m felul \u00een care facem lucrurile"},"content":{"rendered":"\n<div class=\"wp-block-image\"><figure class=\"aligncenter size-full\"><img loading=\"lazy\" width=\"1024\" height=\"682\" src=\"http:\/\/i-interact.eu\/wordpress\/wp-content\/uploads\/georg.jpeg\" alt=\"\" class=\"wp-image-8931 img-fluid\" srcset=\"https:\/\/i-interact.eu\/wordpress\/wp-content\/uploads\/georg.jpeg 1024w, https:\/\/i-interact.eu\/wordpress\/wp-content\/uploads\/georg-300x199.jpg 300w\" sizes=\"(max-width: 1024px) 100vw, 1024px\" \/><\/figure><\/div>\n\n\n\n<p>Cred c\u0103 s-au profesionalizat \u015fi firmele de training, dar \u015fi firmele care cer training. Nu mai po\u0163i s\u0103 mergi chiar a\u015fa \u015fi s\u0103 \u00eenve\u0163i odat\u0103 cu clien\u0163ii. Cred c\u0103 de anul trecut \u00eencoace oamenii nu mai pot s\u0103 stea \u00een fa\u0163a laptopului \u015fi s\u0103 aud\u0103 teorii, vor s\u0103 afle despre experien\u0163a facilitatorului, despre cazuri reale, vor s\u0103 empatizezi cu ei \u015fi s\u0103 vii cu lucruri noi \u015fi s\u0103-i suprinzi un pic. Este la mod\u0103 acum s\u0103 vorbim depre acest concept wellbeing, s\u0103 mergem dincolo de a vorbi despre asta \u00eenspre a \u015fi aplica.\u201c<\/p>\n\n\n\n<p><br>Georgeta Dendrino a oferit un interviu celor de la Ziarul Financiar, unde a abordat mai multe subiecte, pornind de la tema \u201eFemei \u00een business\u201d.<br><\/p>\n\n\n\n<p>Pute\u021bi urm\u0103ri videoclipul interviului aici: https:\/\/www.zf.ro\/femei-in-business\/proiect-zf-vodafone-femei-in-business-georgeta-dendrino-director-20315692<\/p>\n","protected":false},"excerpt":{"rendered":"<p>Cred c\u0103 s-au profesionalizat \u015fi firmele de training, dar \u015fi firmele care cer training. Nu mai po\u0163i s\u0103 mergi chiar a\u015fa \u015fi s\u0103 \u00eenve\u0163i odat\u0103 cu clien\u0163ii. Cred c\u0103 de anul trecut&#8230;<\/p>\n","protected":false},"author":1,"featured_media":0,"comment_status":"closed","ping_status":"closed","sticky":false,"template":"","format":"standard","meta":[],"categories":[23],"tags":[],"_links":{"self":[{"href":"https:\/\/i-interact.eu\/wordpress\/index.php?rest_route=\/wp\/v2\/posts\/9074"}],"collection":[{"href":"https:\/\/i-interact.eu\/wordpress\/index.php?rest_route=\/wp\/v2\/posts"}],"about":[{"href":"https:\/\/i-interact.eu\/wordpress\/index.php?rest_route=\/wp\/v2\/types\/post"}],"author":[{"embeddable":true,"href":"https:\/\/i-interact.eu\/wordpress\/index.php?rest_route=\/wp\/v2\/users\/1"}],"replies":[{"embeddable":true,"href":"https:\/\/i-interact.eu\/wordpress\/index.php?rest_route=%2Fwp%2Fv2%2Fcomments&post=9074"}],"version-history":[{"count":1,"href":"https:\/\/i-interact.eu\/wordpress\/index.php?rest_route=\/wp\/v2\/posts\/9074\/revisions"}],"predecessor-version":[{"id":9075,"href":"https:\/\/i-interact.eu\/wordpress\/index.php?rest_route=\/wp\/v2\/posts\/9074\/revisions\/9075"}],"wp:attachment":[{"href":"https:\/\/i-interact.eu\/wordpress\/index.php?rest_route=%2Fwp%2Fv2%2Fmedia&parent=9074"}],"wp:term":[{"taxonomy":"category","embeddable":true,"href":"https:\/\/i-interact.eu\/wordpress\/index.php?rest_route=%2Fwp%2Fv2%2Fcategories&post=9074"},{"taxonomy":"post_tag","embeddable":true,"href":"https:\/\/i-interact.eu\/wordpress\/index.php?rest_route=%2Fwp%2Fv2%2Ftags&post=9074"}],"curies":[{"name":"wp","href":"https:\/\/api.w.org\/{rel}","templated":true}]}}