{"id":8985,"date":"2021-10-10T14:19:31","date_gmt":"2021-10-10T14:19:31","guid":{"rendered":"http:\/\/i-interact.eu\/wordpress\/?p=8985"},"modified":"2021-10-14T14:22:42","modified_gmt":"2021-10-14T14:22:42","slug":"ce-amintiri-cream","status":"publish","type":"post","link":"https:\/\/i-interact.eu\/wordpress\/?p=8985","title":{"rendered":"Ce amintiri cre\u0103m?"},"content":{"rendered":"<p><img loading=\"lazy\" class=\"alignnone img-fluid\" src=\"https:\/\/www.forbes.ro\/wp-content\/uploads\/2021\/06\/FCB_Georgeta-Dendrino_BW_contributors-490x350.jpg\" alt=\"\" width=\"490\" height=\"350\" \/><\/p>\n<p>\u201d(&#8230;) Dar, revenind la momentele care au fost pentru mine memorabile \u00een pandemie, iat\u0103 c\u00e2teva:<\/p>\n<p>Cum \u00eei ademeneam parc\u0103 pe colegi cu \u201emai e pu\u021bin, o s\u0103 vede\u021bi, st\u0103m acas\u0103 dou\u0103 luni \u0219i gata\u201d. Apoi spuneam c\u0103 p\u00e2n\u0103 \u00een toamn\u0103, p\u00e2n\u0103 \u00een octombrie, decembrie, ianuarie\u2026 Nu \u0219tiu c\u00e2t m-au crezut ei \u00eens\u0103 am \u021binut aproape unii de ceilal\u021bi \u0219i ne-am \u00eencurajat. Iar pentru acestea, eu le sunt recunosc\u0103toare.<\/p>\n<p>Am participat la un maraton de webinare la Thinkers 50: 24 de ore \u00eempreun\u0103 cu 24 dintre Top 50 de g\u00e2nditori ai lumii contemporane. A fost o experien\u021b\u0103 impresionant\u0103!<\/p>\n<p>Am v\u0103zut cum teama e mai presus de orice rela\u021bie interuman\u0103 \u0219i poate \u0219terge cu buretele practic totul, din p\u0103cate; am v\u0103zut repede p\u0103r\u021bi ale oamenilor pe care altfel nu le-a\u0219 fi remarcat poate dec\u00e2t dup\u0103 mult\u0103 vreme. Ce bine \u00eens\u0103 c\u0103 le-am v\u0103zut!<\/p>\n<p>Am avut un num\u0103r mare de proiecte de coaching, ceea ce mi-a \u021binut mintea ocupat\u0103, nu i-a dat voie s\u0103 aib\u0103 derapaje negative.<\/p>\n<p>Am m\u00e2ncat mai mult\u0103 p\u00e2ine cu unt dec\u00e2t am m\u00e2ncat \u00een toat\u0103 via\u021ba adult\u0103, iar asta mi-a amintit de copil\u0103rie \u0219i, exact ca atunci, nu s-a depus nic\u0103ieri.<\/p>\n<p>Am participat la un curs de g\u0103tit. (&#8230;)\u201d<\/p>\n<p>\u201dCe amintiri cre\u0103m?\u201d este titlul unui nou articol pe care Georgeta Dendrino l-a scris pentru Forbes Romania. Cite\u0219te-l \u00een \u00eentregime aici: https:\/\/www.forbes.ro\/ce-amintiri-cream-225297?<\/p>\n<p>A\u0219adar, tu amintiri \u021bi-ai creat sau pl\u0103nuie\u0219ti s\u0103-\u021bi creezi?<\/p>\n<p>#memories<br \/>\n#enablingchange<\/p>\n","protected":false},"excerpt":{"rendered":"<p>\u201d(&#8230;) Dar, revenind la momentele care au fost pentru mine memorabile \u00een pandemie, iat\u0103 c\u00e2teva: Cum \u00eei ademeneam parc\u0103 pe colegi cu \u201emai e pu\u021bin, o s\u0103 vede\u021bi, st\u0103m acas\u0103 dou\u0103 luni&#8230;<\/p>\n","protected":false},"author":1,"featured_media":0,"comment_status":"closed","ping_status":"closed","sticky":false,"template":"","format":"standard","meta":[],"categories":[18],"tags":[],"_links":{"self":[{"href":"https:\/\/i-interact.eu\/wordpress\/index.php?rest_route=\/wp\/v2\/posts\/8985"}],"collection":[{"href":"https:\/\/i-interact.eu\/wordpress\/index.php?rest_route=\/wp\/v2\/posts"}],"about":[{"href":"https:\/\/i-interact.eu\/wordpress\/index.php?rest_route=\/wp\/v2\/types\/post"}],"author":[{"embeddable":true,"href":"https:\/\/i-interact.eu\/wordpress\/index.php?rest_route=\/wp\/v2\/users\/1"}],"replies":[{"embeddable":true,"href":"https:\/\/i-interact.eu\/wordpress\/index.php?rest_route=%2Fwp%2Fv2%2Fcomments&post=8985"}],"version-history":[{"count":1,"href":"https:\/\/i-interact.eu\/wordpress\/index.php?rest_route=\/wp\/v2\/posts\/8985\/revisions"}],"predecessor-version":[{"id":8986,"href":"https:\/\/i-interact.eu\/wordpress\/index.php?rest_route=\/wp\/v2\/posts\/8985\/revisions\/8986"}],"wp:attachment":[{"href":"https:\/\/i-interact.eu\/wordpress\/index.php?rest_route=%2Fwp%2Fv2%2Fmedia&parent=8985"}],"wp:term":[{"taxonomy":"category","embeddable":true,"href":"https:\/\/i-interact.eu\/wordpress\/index.php?rest_route=%2Fwp%2Fv2%2Fcategories&post=8985"},{"taxonomy":"post_tag","embeddable":true,"href":"https:\/\/i-interact.eu\/wordpress\/index.php?rest_route=%2Fwp%2Fv2%2Ftags&post=8985"}],"curies":[{"name":"wp","href":"https:\/\/api.w.org\/{rel}","templated":true}]}}