{"id":8982,"date":"2021-10-10T14:18:02","date_gmt":"2021-10-10T14:18:02","guid":{"rendered":"http:\/\/i-interact.eu\/wordpress\/?p=8982"},"modified":"2021-10-14T14:18:47","modified_gmt":"2021-10-14T14:18:47","slug":"weekly-inspiration-25","status":"publish","type":"post","link":"https:\/\/i-interact.eu\/wordpress\/?p=8982","title":{"rendered":"Weekly Inspiration"},"content":{"rendered":"<p><a href=\"http:\/\/i-interact.eu\/wordpress\/?attachment_id=6092\" rel=\"attachment wp-att-6092\"><img loading=\"lazy\" class=\"aligncenter size-full wp-image-6092 img-fluid\" title=\"Simona\" src=\"http:\/\/i-interact.eu\/wordpress\/wp-content\/uploads\/Simona.png\" alt=\"\" width=\"333\" height=\"500\" srcset=\"https:\/\/i-interact.eu\/wordpress\/wp-content\/uploads\/Simona.png 333w, https:\/\/i-interact.eu\/wordpress\/wp-content\/uploads\/Simona-199x300.png 199w\" sizes=\"(max-width: 333px) 100vw, 333px\" \/><\/a><\/p>\n<p>&nbsp;<\/p>\n<p>&#8220;Dac\u0103 oamenii pot merge la restaurant, pot merge \u0219i la birou.&#8221; Spune directorul unei b\u0103nci din State. \u0218i, desigur, argumentul este corect &#8211; numai analogia este oarecum \u0219chioap\u0103. Pentru c\u0103 cele dou\u0103 \u00eent\u00e2mpl\u0103ri au scopuri destul de diferite, iar oamenii urm\u0103resc scopurile, nu compar\u0103 procesele \u00een sine.<\/p>\n<p>Am dezb\u0103tut mult cu clien\u021bii acest subiect. Ce se va \u00eent\u00e2mpla \u00een septembrie, dar \u00een ianuarie 2022? Lucrurile pot reveni la normal cu adev\u0103rat? Ne vom duce la birou ca \u0219i c\u00e2nd nimic nu s-a \u00eent\u00e2mplat? \u00cen unele companii care \u00eencearc\u0103 s\u0103 recruteze \u0219i s\u0103 aduc\u0103 angaja\u021bii la birou 4 sau chiar 5 zile pe s\u0103pt\u0103m\u00e2n\u0103, joburile sunt refuzate.<\/p>\n<p>Pandemia a fost un \u0219oc pentru noi to\u021bi. \u0218i cu to\u021bii ne-am gestionat diferit deciziile \u0219i efectele lor. Iar aceste diferen\u021be se p\u0103streaz\u0103 \u00eenc\u0103 \u0219i \u00een aceast\u0103 perioad\u0103 post-traumatic\u0103. Unii dintre noi vor s\u0103 revin\u0103 la birou, al\u021bii prefer\u0103 hibridul. Al\u021bii, mai comozi, ar sta la biroul din sufragerie toat\u0103 via\u021ba. Exist\u0103 argumente serioase de toate p\u0103r\u021bile. Dincolo de a enun\u021ba o op\u021biune, a\u0219 vrea s\u0103 observ un fenomen care se va acutiza \u00een perioada urm\u0103toare &#8211; un clivaj, \u00een esen\u021b\u0103, cultural, \u00eentre diferite forme de sociabilitate. Nu a\u0219 pune aceste nevoi diferite pe seama diferen\u021belor de productivitate sau pe interesele care privesc securitatea informa\u021biei, \u00een general.<\/p>\n<p>Pandemia a ap\u0103sat pedala socialului &#8211; am v\u0103zut cu to\u021bii care este nevoia noastr\u0103 imediat\u0103 de socializare \u0219i ca ea poate avea loc \u00een forme foarte diverse, unele mediate de tehnologie. La unii, aceast\u0103 nevoie este mai mare; al\u021bii se descurc\u0103 mai bine, ba chiar prefer\u0103 singur\u0103tatea.<\/p>\n<p>Nu a\u0219 da o direc\u021bie \u0219i nici vreo sentin\u021b\u0103. Ce este \u00eens\u0103 cert este c\u0103 dimensiunea social\u0103 a muncii va trebui s\u0103 fie luat\u0103 \u00een considerare mult mai serios de c\u0103tre noi to\u021bi pentru c\u0103 ea va avea consecin\u021be asupra rezultatelor din tabele cu cifre. \u0218i va trebui analizat\u0103 \u0219i integrat\u0103 corect \u00een companii &#8211; altfel m\u0103 tem c\u0103 nu ne a\u0219teapt\u0103 o perioad\u0103 prea armonioas\u0103.\u201d<\/p>\n<p>Weekly Inspiration scris de Simona Noapte\u015f.<\/p>\n<p>#interacters<br \/>\n#enablingchange<\/p>\n","protected":false},"excerpt":{"rendered":"<p>&nbsp; &#8220;Dac\u0103 oamenii pot merge la restaurant, pot merge \u0219i la birou.&#8221; Spune directorul unei b\u0103nci din State. \u0218i, desigur, argumentul este corect &#8211; numai analogia este oarecum \u0219chioap\u0103. Pentru c\u0103 cele&#8230;<\/p>\n","protected":false},"author":1,"featured_media":0,"comment_status":"closed","ping_status":"closed","sticky":false,"template":"","format":"standard","meta":[],"categories":[18],"tags":[],"_links":{"self":[{"href":"https:\/\/i-interact.eu\/wordpress\/index.php?rest_route=\/wp\/v2\/posts\/8982"}],"collection":[{"href":"https:\/\/i-interact.eu\/wordpress\/index.php?rest_route=\/wp\/v2\/posts"}],"about":[{"href":"https:\/\/i-interact.eu\/wordpress\/index.php?rest_route=\/wp\/v2\/types\/post"}],"author":[{"embeddable":true,"href":"https:\/\/i-interact.eu\/wordpress\/index.php?rest_route=\/wp\/v2\/users\/1"}],"replies":[{"embeddable":true,"href":"https:\/\/i-interact.eu\/wordpress\/index.php?rest_route=%2Fwp%2Fv2%2Fcomments&post=8982"}],"version-history":[{"count":2,"href":"https:\/\/i-interact.eu\/wordpress\/index.php?rest_route=\/wp\/v2\/posts\/8982\/revisions"}],"predecessor-version":[{"id":8984,"href":"https:\/\/i-interact.eu\/wordpress\/index.php?rest_route=\/wp\/v2\/posts\/8982\/revisions\/8984"}],"wp:attachment":[{"href":"https:\/\/i-interact.eu\/wordpress\/index.php?rest_route=%2Fwp%2Fv2%2Fmedia&parent=8982"}],"wp:term":[{"taxonomy":"category","embeddable":true,"href":"https:\/\/i-interact.eu\/wordpress\/index.php?rest_route=%2Fwp%2Fv2%2Fcategories&post=8982"},{"taxonomy":"post_tag","embeddable":true,"href":"https:\/\/i-interact.eu\/wordpress\/index.php?rest_route=%2Fwp%2Fv2%2Ftags&post=8982"}],"curies":[{"name":"wp","href":"https:\/\/api.w.org\/{rel}","templated":true}]}}