{"id":8949,"date":"2021-02-16T14:15:58","date_gmt":"2021-02-16T14:15:58","guid":{"rendered":"http:\/\/i-interact.eu\/wordpress\/?p=8949"},"modified":"2021-02-16T14:15:58","modified_gmt":"2021-02-16T14:15:58","slug":"weekly-inspiration-23","status":"publish","type":"post","link":"https:\/\/i-interact.eu\/wordpress\/?p=8949","title":{"rendered":"Weekly Inspiration"},"content":{"rendered":"<p><a href=\"http:\/\/i-interact.eu\/wordpress\/?attachment_id=8950\" rel=\"attachment wp-att-8950\"><img loading=\"lazy\" src=\"http:\/\/i-interact.eu\/wordpress\/wp-content\/uploads\/WhatsApp-Image-2021-02-11-at-14.25.45-680x1024.jpg\" alt=\"\" title=\"WhatsApp Image 2021-02-11 at 14.25.45\" width=\"680\" height=\"1024\" class=\"aligncenter size-large wp-image-8950 img-fluid\" srcset=\"https:\/\/i-interact.eu\/wordpress\/wp-content\/uploads\/WhatsApp-Image-2021-02-11-at-14.25.45-680x1024.jpg 680w, https:\/\/i-interact.eu\/wordpress\/wp-content\/uploads\/WhatsApp-Image-2021-02-11-at-14.25.45-199x300.jpg 199w, https:\/\/i-interact.eu\/wordpress\/wp-content\/uploads\/WhatsApp-Image-2021-02-11-at-14.25.45.jpeg 798w\" sizes=\"(max-width: 680px) 100vw, 680px\" \/><\/a><\/p>\n<p>\u201dEnergize everyone, every day!\u2019 (Energizeaz\u0103-i pe ceilal\u021bi \u00een fiecare zi) este principiul central de leadership la Grupul Lego. Pentru cei de la aceast\u0103 companie, a fi lider \u00eenseamn\u0103 a ac\u021biona, a demonstra ni\u0219te comportamente. Acestea sunt: curaj, curiozitate, concentrare (ca s\u0103 nu spun focus).<\/p>\n<p>Mi se pare c\u0103 ilustreaz\u0103 o mare parte din ceea ce ar fi de dorit s\u0103 fie un lider \u00een aceast\u0103 perioad\u0103: un exemplu de energie, de ac\u021biune, de rezilien\u021b\u0103, de sprijin, concentrare pe ceea ce conteaz\u0103, empatie pentru cei pe care \u00eei conduce. De ce acum, mai mult dec\u00e2t oric\u00e2nd?<br \/>\nPentru c\u0103 pandemia aceasta pare ca un drum printr-o cea\u021b\u0103 deas\u0103, c\u0103ruia nu \u00eei vedem cap\u0103tul, uneori se clatin\u0103 chiar speran\u021ba unei lumini\u021be undeva, \u00een apropiere.<\/p>\n<p>Ne-am \u021binut \u00eentr-un oarecare echilibru anul trecut, sus\u021binu\u021bi de g\u00e2ndul c\u0103 se va termina cur\u00e2nd, de c\u00e2teva ac\u021biuni individuale sau de grup, de ni\u0219te webinare, cursuri, c\u0103r\u021bi, \u00eent\u00e2lniri virtuale la cafea, dar parc\u0103 \u0219i acestea ni se par acum cusute cu a\u021b\u0103 alb\u0103. E nevoie de altceva, ceva \u0219i mai sincer, mai profund, mai uman.<\/p>\n<p>Dincolo de direc\u021bie, claritate, comunicare, a\u0219 spune c\u0103 e necesar ca liderii s\u0103 arate \u00een\u021belegere, compasiune, s\u0103 fie container pentru echipele lor, dar s\u0103 \u0219i dea speran\u021b\u0103 \u0219i energie.<br \/>\nEste u\u0219or s\u0103 vorbim despre ce ar fi bine s\u0103 facem dar este greu de aplicat. Toat\u0103 lumea este afectat\u0103 de pandemie. To\u021bi avem un nivel de oboseal\u0103, de satura\u021bie fa\u021b\u0103 de starea curent\u0103.<\/p>\n<p>Ce cred c\u0103 e esen\u021bial acum este s\u0103 ne gestion\u0103m corect propria minte, \u00eent\u00e2i.<br \/>\nAsear\u0103, la acupunctur\u0103, dup\u0103 o zi cu mai multe sesiuni de coaching, meetings virtuale, discu\u021bii la telefon, emails, m\u0103 sim\u021beam obosit\u0103, parc\u0103 tras\u0103 \u00een toate direc\u021biile. Acolo \u00eens\u0103, dup\u0103 c\u00e2teva minute, am f\u0103cut un efort de a-mi pune g\u00e2ndurile \u00een ordine, de a m\u0103 uita de sus la ziua mea, de a m\u0103 obiectiva.<\/p>\n<p>Avem senzatia c\u0103 lucram foarte mult (de multe ori chiar lucr\u0103m), c\u0103 nu mai putem, c\u0103 am obosit, c\u0103 nimeni nu ne \u00een\u021belege, c\u0103 s\u00eentem singuri pe lume \u0219i a\u0219a mai departe, putem continua cu concluziile \u0219i, de fapt, s\u0103 \u2018jump to confusion\u2019 \u0219i s\u0103 generaliz\u0103m distructiv.<br \/>\nCapacitatea de a ne \u021bine \u00een echilibru propria minte ne face c\u00e2\u0219tig\u0103tori sau ne duce \u00eentr-o vale a pl\u00e2ngerii.<\/p>\n<p>Mintea e asemenea unui om care, c\u00e2teodata, alunec\u0103 pe ghea\u021b\u0103 \u0219i cade. \u00cel vedem, putem s\u0103 \u00eel ajut\u0103m s\u0103 se ridice, s\u0103 se repun\u0103 pe picioare, sau trecem pe l\u00e2nga el, l\u0103s\u00e2ndu-l de izbeli\u0219te. Dar parca nu am abandona pe altcineva a\u0219a, nu?<\/p>\n<p>Ca s\u0103 putem ar\u0103ta direc\u021bia, s\u0103 putem face planuri pe termen mediu, s\u0103 cre\u0103m sentimentul de \u00eencredere \u0219i siguran\u021b\u0103, a\u0219 \u00eendr\u0103zni s\u0103 spun c\u0103 \u2018trebuie\u2019 s\u0103 ne energiz\u0103m pe noi ca s\u0103 putem s\u0103 \u00eei energiz\u0103m pe ceilal\u021bi; s\u0103 facem eforturi zilnic de a ne \u021bine \u00een echilibru propria minte, a\u0219a cum un p\u0103pu\u0219ar \u00ee\u0219i controleaz\u0103 p\u0103pu\u0219a.\u201d<\/p>\n<p>Weekly Inspiration scris de Georgeta Dendrino.<\/p>\n<p>#selfleadership<br \/>\n#enablingchange<\/p>\n","protected":false},"excerpt":{"rendered":"<p>\u201dEnergize everyone, every day!\u2019 (Energizeaz\u0103-i pe ceilal\u021bi \u00een fiecare zi) este principiul central de leadership la Grupul Lego. Pentru cei de la aceast\u0103 companie, a fi lider \u00eenseamn\u0103 a ac\u021biona, a demonstra&#8230;<\/p>\n","protected":false},"author":1,"featured_media":0,"comment_status":"closed","ping_status":"closed","sticky":false,"template":"","format":"standard","meta":[],"categories":[18],"tags":[],"_links":{"self":[{"href":"https:\/\/i-interact.eu\/wordpress\/index.php?rest_route=\/wp\/v2\/posts\/8949"}],"collection":[{"href":"https:\/\/i-interact.eu\/wordpress\/index.php?rest_route=\/wp\/v2\/posts"}],"about":[{"href":"https:\/\/i-interact.eu\/wordpress\/index.php?rest_route=\/wp\/v2\/types\/post"}],"author":[{"embeddable":true,"href":"https:\/\/i-interact.eu\/wordpress\/index.php?rest_route=\/wp\/v2\/users\/1"}],"replies":[{"embeddable":true,"href":"https:\/\/i-interact.eu\/wordpress\/index.php?rest_route=%2Fwp%2Fv2%2Fcomments&post=8949"}],"version-history":[{"count":2,"href":"https:\/\/i-interact.eu\/wordpress\/index.php?rest_route=\/wp\/v2\/posts\/8949\/revisions"}],"predecessor-version":[{"id":8952,"href":"https:\/\/i-interact.eu\/wordpress\/index.php?rest_route=\/wp\/v2\/posts\/8949\/revisions\/8952"}],"wp:attachment":[{"href":"https:\/\/i-interact.eu\/wordpress\/index.php?rest_route=%2Fwp%2Fv2%2Fmedia&parent=8949"}],"wp:term":[{"taxonomy":"category","embeddable":true,"href":"https:\/\/i-interact.eu\/wordpress\/index.php?rest_route=%2Fwp%2Fv2%2Fcategories&post=8949"},{"taxonomy":"post_tag","embeddable":true,"href":"https:\/\/i-interact.eu\/wordpress\/index.php?rest_route=%2Fwp%2Fv2%2Ftags&post=8949"}],"curies":[{"name":"wp","href":"https:\/\/api.w.org\/{rel}","templated":true}]}}