{"id":8944,"date":"2020-12-15T11:19:07","date_gmt":"2020-12-15T11:19:07","guid":{"rendered":"http:\/\/i-interact.eu\/wordpress\/?p=8944"},"modified":"2020-12-15T11:19:07","modified_gmt":"2020-12-15T11:19:07","slug":"ai-grija-de-cei-din-jurul-tau","status":"publish","type":"post","link":"https:\/\/i-interact.eu\/wordpress\/?p=8944","title":{"rendered":"Ai grij\u0103 de cei din jurul t\u0103u"},"content":{"rendered":"<p><a href=\"http:\/\/i-interact.eu\/wordpress\/?attachment_id=8946\" rel=\"attachment wp-att-8946\"><img loading=\"lazy\" src=\"http:\/\/i-interact.eu\/wordpress\/wp-content\/uploads\/WhatsApp-Image-2020-05-12-at-16.07.582-768x1024.jpg\" alt=\"\" title=\"WhatsApp Image 2020-05-12 at 16.07.58\" width=\"768\" height=\"1024\" class=\"aligncenter size-large wp-image-8946 img-fluid\" srcset=\"https:\/\/i-interact.eu\/wordpress\/wp-content\/uploads\/WhatsApp-Image-2020-05-12-at-16.07.582-768x1024.jpg 768w, https:\/\/i-interact.eu\/wordpress\/wp-content\/uploads\/WhatsApp-Image-2020-05-12-at-16.07.582-225x300.jpg 225w, https:\/\/i-interact.eu\/wordpress\/wp-content\/uploads\/WhatsApp-Image-2020-05-12-at-16.07.582.jpeg 1200w\" sizes=\"(max-width: 768px) 100vw, 768px\" \/><\/a><\/p>\n<p>\u201dAm avut, ca mai toata lumea, momente bune \u0219i momente grele, \u00een istoria firmei. Am avut \u00eens\u0103 parte de c\u00e2\u021biva oameni care m-au sus\u021binut. A\u0219a este o persoan\u0103 care ne-a fost client, prieten, care a fost de multe ori al\u0103turi de mine c\u00e2nd eram nesigur\u0103. Acest om m-a ajutat financiar \u00eentr-o situa\u021bie dificil\u0103; a fost disponibil de fiecare dat\u0103 c\u00e2nd \u00eei spuneam c\u0103 am nevoie s\u0103 vorbim. Nu a fost un mentor declarat, eu a\u0219a l-am considerat mereu. Uneori m\u0103 asculta, alteori m\u0103 provoca, nu era de acord cu unele afirma\u021bii de-ale mele, eu m\u0103 frustram, apoi \u00een\u021belegeam c\u0103 o f\u0103cea ca s\u0103 \u00eemi dea alte perspective, c\u0103 m\u0103 ajuta s\u0103 devin un om mai bun.<\/p>\n<p>Ne \u0219tim de dou\u0103zeci de ani. Orice s-ar \u00eent\u00e2mpla, \u0219tiu c\u0103 nivelul meu de apreciere \u0219i respect fa\u021b\u0103 de acest om va fi mereu la cote \u00eenalte, c\u0103 niciodat\u0103 nu voi uita cine a fost l\u00e2ng\u0103 mine, cine mi-a dat din timpul s\u0103u c\u00e2nd aveam senza\u021bia c\u0103 nu mai \u0219tiu \u00eencotro, c\u00e2nd m\u0103 sim\u021beam oarecum singur\u0103 pe lume.<\/p>\n<p>Astfel de oameni nu sunt \u00eens\u0103 pe toate drumurile. Nu \u00eei \u00eent\u00e2lnim \u00een fiecare zi. Unii sunt, poate, pe l\u00e2ng\u0103 noi, din diverse interese, al\u021bii sunt acolo conjunctural. C\u0103l\u0103toria noastr\u0103 \u00eempreun\u0103 este precum c\u0103l\u0103toria cu trenul: unii au bilet p\u00e2n\u0103 la prima sta\u021bie, al\u021bii p\u00e2n\u0103 la a treia, al\u021bii sunt acolo pe termen lung. Sigur, sunt \u0219i situa\u021bii \u00een care e\u0219ti aruncat din tren, dar acelea sunt de o alt\u0103 factur\u0103, mai joas\u0103, nu m\u0103 voi opri asupra lor.<\/p>\n<p>Poate c\u0103 apreciem oamenii doar cu trecerea timpului, poate c\u0103 anii ne arat\u0103 cine ne e sus\u021bin\u0103tor, cine e detractor, cine se dezbar\u0103 de noi ca de \u0219osete folosite o dat\u0103. Poate c\u0103 \u00eenv\u0103\u021bam doar c\u00e2nd experiment\u0103m pe propria piele, iar textele sunt doar maculatur\u0103 pentru mul\u021bi.<\/p>\n<p>Cred \u00eens\u0103 c\u0103 dac\u0103 nu \u00eenv\u0103\u021b\u0103m s\u0103 apreciem pe cei care ne-au fost al\u0103turi dezinteresat, la greu, ne punem o pat\u0103 \u00eentunecat\u0103 pe propria karma. Ceilal\u021bi vor supravie\u021bui f\u0103r\u0103 noi, dar noi cum ne uit\u0103m oare \u00een oglind\u0103?\u201d<\/p>\n<p>Weekly Inspiration scris de Georgeta Dendrino.<\/p>\n<p>#enablingchange<br \/>\n#friendship <\/p>\n","protected":false},"excerpt":{"rendered":"<p>\u201dAm avut, ca mai toata lumea, momente bune \u0219i momente grele, \u00een istoria firmei. Am avut \u00eens\u0103 parte de c\u00e2\u021biva oameni care m-au sus\u021binut. A\u0219a este o persoan\u0103 care ne-a fost client,&#8230;<\/p>\n","protected":false},"author":1,"featured_media":0,"comment_status":"closed","ping_status":"closed","sticky":false,"template":"","format":"standard","meta":[],"categories":[18],"tags":[],"_links":{"self":[{"href":"https:\/\/i-interact.eu\/wordpress\/index.php?rest_route=\/wp\/v2\/posts\/8944"}],"collection":[{"href":"https:\/\/i-interact.eu\/wordpress\/index.php?rest_route=\/wp\/v2\/posts"}],"about":[{"href":"https:\/\/i-interact.eu\/wordpress\/index.php?rest_route=\/wp\/v2\/types\/post"}],"author":[{"embeddable":true,"href":"https:\/\/i-interact.eu\/wordpress\/index.php?rest_route=\/wp\/v2\/users\/1"}],"replies":[{"embeddable":true,"href":"https:\/\/i-interact.eu\/wordpress\/index.php?rest_route=%2Fwp%2Fv2%2Fcomments&post=8944"}],"version-history":[{"count":2,"href":"https:\/\/i-interact.eu\/wordpress\/index.php?rest_route=\/wp\/v2\/posts\/8944\/revisions"}],"predecessor-version":[{"id":8948,"href":"https:\/\/i-interact.eu\/wordpress\/index.php?rest_route=\/wp\/v2\/posts\/8944\/revisions\/8948"}],"wp:attachment":[{"href":"https:\/\/i-interact.eu\/wordpress\/index.php?rest_route=%2Fwp%2Fv2%2Fmedia&parent=8944"}],"wp:term":[{"taxonomy":"category","embeddable":true,"href":"https:\/\/i-interact.eu\/wordpress\/index.php?rest_route=%2Fwp%2Fv2%2Fcategories&post=8944"},{"taxonomy":"post_tag","embeddable":true,"href":"https:\/\/i-interact.eu\/wordpress\/index.php?rest_route=%2Fwp%2Fv2%2Ftags&post=8944"}],"curies":[{"name":"wp","href":"https:\/\/api.w.org\/{rel}","templated":true}]}}