{"id":8930,"date":"2020-11-17T11:29:57","date_gmt":"2020-11-17T11:29:57","guid":{"rendered":"http:\/\/i-interact.eu\/wordpress\/?p=8930"},"modified":"2020-11-17T11:29:57","modified_gmt":"2020-11-17T11:29:57","slug":"timp-de-tranzitie","status":"publish","type":"post","link":"https:\/\/i-interact.eu\/wordpress\/?p=8930","title":{"rendered":"Timp de tranzi\u021bie"},"content":{"rendered":"<p><a href=\"http:\/\/i-interact.eu\/wordpress\/?attachment_id=8931\" rel=\"attachment wp-att-8931\"><img loading=\"lazy\" class=\"aligncenter size-full wp-image-8931 img-fluid\" title=\"georg\" src=\"http:\/\/i-interact.eu\/wordpress\/wp-content\/uploads\/georg.jpeg\" alt=\"\" width=\"1024\" height=\"682\" srcset=\"https:\/\/i-interact.eu\/wordpress\/wp-content\/uploads\/georg.jpeg 1024w, https:\/\/i-interact.eu\/wordpress\/wp-content\/uploads\/georg-300x199.jpg 300w\" sizes=\"(max-width: 1024px) 100vw, 1024px\" \/><\/a><\/p>\n<p>\u201dV\u0103 aminti\u021bi de timpul c\u0103tre birou \u0219i \u00eenapoi, acas\u0103? C\u00e2nd mergeam zilnic la birou, \u00een acel timp eram noi cu noi \u00een\u0219ine, ne puneam g\u00e2ndurile \u00een ordine, ne calmam dup\u0103 o zi mai grea, mai tensionat\u0103, mai ascultam ceva muzic\u0103, vorbeam la telefon cu unii, al\u021bii, \u0219i ajungeam acas\u0103 cu o stare mai bun\u0103.<\/p>\n<p>M\u0103 g\u00e2ndeam zilele trecute la oamenii care au copii \u0219i stau \u00een \u0219edin\u021be online toat\u0103 ziua, sunt tensiona\u021bi, \u00eenchi\u0219i \u00eentr-o camer\u0103 10-12 ore. C\u00e2nd ies de acolo \u00eens\u0103, nu mai au acel timp de tranzi\u021bie \u00een care s\u0103 se deta\u0219eze, ca s\u0103 \u00ee\u0219i pun\u0103 hainele metaforice de acas\u0103, s\u0103 fie mai calzi, calmi, sur\u00e2z\u0103tori, r\u0103bd\u0103tori, iubitori. Dac\u0103 cineva s-a purtat ur\u00e2t cu tine, ie\u0219i din camer\u0103 \u0219i ar\u0103\u021bi familiei un spirit umilit, c\u0103zut, aproape \u00eenfr\u00e2nt, obosit. Culmea, tocmai celor care conteaz\u0103 mai mult nu mai ai resurse s\u0103 le ar\u0103\u021bi partea ta luminoas\u0103.<\/p>\n<p>Dac\u0103 e\u0219ti manager, poate te g\u00e2nde\u0219ti mai mult \u00eenainte de a face pe cineva s\u0103 se simt\u0103 prost, a ridica tonul, a-l face de doi lei \u00een \u0219edin\u021bele online. Cum d\u0103 acel om ochii cu copilul lui dup\u0103 o astfel de \u0219edin\u021b\u0103? Dar cu prietena, prietenul, so\u021bul sau so\u021bia? Un spirit umilit se va rodica greu de jos, nu va uita.<\/p>\n<p>Urmeaz\u0103 o perioad\u0103 mai grea dec\u00e2t perioada de p\u00e2n\u0103 acum. Suntem obosi\u021bi, anxietatea a crescut, lumini\u021ba de la cap\u0103tul tunelului parc\u0103 e mai difuz\u0103. Sigur, r\u0103m\u00e2ne speran\u021ba, dar a\u0219 propune s\u0103 o ajut\u0103m pu\u021bin. S\u0103 fim mai con\u0219tien\u021bi c\u0103 nu mai avem timp \u0219i spa\u021biu de tranzi\u021bie, c\u0103 totul e pe repede \u00eenainte, c\u0103 risc\u0103m s\u0103 devenim asemenea oalelor sub presiune.<\/p>\n<p>C\u00e2teva lucruri pe care am putea s\u0103 le facem:<\/p>\n<p>S\u0103 ne pese mai mult de cei din jur, concentrarea doar pe sine nu duce dec\u00e2t la izolare, \u00eensingurare;<br \/>\nS\u0103 ne exers\u0103m r\u0103bdarea;<br \/>\nS\u0103 am\u00e2n\u0103m o \u0219edin\u021b\u0103 dac\u0103 suntem prea tensiona\u021bi, dac\u0103 risc\u0103m s\u0103 nu ne \u021binem \u00een echilibru starea;<br \/>\nS\u0103 ar\u0103t\u0103m un pic de compasiune fa\u021b\u0103 de cei din jur;<br \/>\nS\u0103 admitem c\u0103 e greu pentru to\u021bi, nu doar pentru unii;<br \/>\nS\u0103 ne purt\u0103m cu ceilal\u021bi cu respect \u0219i calm, s\u0103 fim aten\u021bi la tonul nostru;<br \/>\nS\u0103 ne \u00eengrijim \u0219i de noi, s\u0103 avem \u00een jur oameni cu care s\u0103 vorbim, astfel \u00eencat noi \u00een\u0219ine s\u0103 nu devenim ca un co\u0219 de gunoi care d\u0103 pe dinafar\u0103.<\/p>\n<p>Nu putem s\u0103 schimb\u0103m acum situa\u021bia dar putem s\u0103 lucr\u0103m la reac\u021bia noastr\u0103 fa\u021b\u0103 de ea, s\u0103 ne ajut\u0103m de cei din jur \u0219i s\u0103 \u00eei ajut\u0103m \u0219i noi pe al\u021bii.\u201d<\/p>\n<p>Weekly Inspiration scris de Georgeta Dendrino.<\/p>\n<p>#interacters<br \/>\n#enablingchange<\/p>\n","protected":false},"excerpt":{"rendered":"<p>\u201dV\u0103 aminti\u021bi de timpul c\u0103tre birou \u0219i \u00eenapoi, acas\u0103? C\u00e2nd mergeam zilnic la birou, \u00een acel timp eram noi cu noi \u00een\u0219ine, ne puneam g\u00e2ndurile \u00een ordine, ne calmam dup\u0103 o zi&#8230;<\/p>\n","protected":false},"author":1,"featured_media":0,"comment_status":"closed","ping_status":"closed","sticky":false,"template":"","format":"standard","meta":[],"categories":[18],"tags":[],"_links":{"self":[{"href":"https:\/\/i-interact.eu\/wordpress\/index.php?rest_route=\/wp\/v2\/posts\/8930"}],"collection":[{"href":"https:\/\/i-interact.eu\/wordpress\/index.php?rest_route=\/wp\/v2\/posts"}],"about":[{"href":"https:\/\/i-interact.eu\/wordpress\/index.php?rest_route=\/wp\/v2\/types\/post"}],"author":[{"embeddable":true,"href":"https:\/\/i-interact.eu\/wordpress\/index.php?rest_route=\/wp\/v2\/users\/1"}],"replies":[{"embeddable":true,"href":"https:\/\/i-interact.eu\/wordpress\/index.php?rest_route=%2Fwp%2Fv2%2Fcomments&post=8930"}],"version-history":[{"count":2,"href":"https:\/\/i-interact.eu\/wordpress\/index.php?rest_route=\/wp\/v2\/posts\/8930\/revisions"}],"predecessor-version":[{"id":8933,"href":"https:\/\/i-interact.eu\/wordpress\/index.php?rest_route=\/wp\/v2\/posts\/8930\/revisions\/8933"}],"wp:attachment":[{"href":"https:\/\/i-interact.eu\/wordpress\/index.php?rest_route=%2Fwp%2Fv2%2Fmedia&parent=8930"}],"wp:term":[{"taxonomy":"category","embeddable":true,"href":"https:\/\/i-interact.eu\/wordpress\/index.php?rest_route=%2Fwp%2Fv2%2Fcategories&post=8930"},{"taxonomy":"post_tag","embeddable":true,"href":"https:\/\/i-interact.eu\/wordpress\/index.php?rest_route=%2Fwp%2Fv2%2Ftags&post=8930"}],"curies":[{"name":"wp","href":"https:\/\/api.w.org\/{rel}","templated":true}]}}