{"id":8926,"date":"2020-11-10T11:41:43","date_gmt":"2020-11-10T11:41:43","guid":{"rendered":"http:\/\/i-interact.eu\/wordpress\/?p=8926"},"modified":"2020-11-10T11:41:43","modified_gmt":"2020-11-10T11:41:43","slug":"weekly-inspiration-22","status":"publish","type":"post","link":"https:\/\/i-interact.eu\/wordpress\/?p=8926","title":{"rendered":"Weekly Inspiration"},"content":{"rendered":"<p><a href=\"http:\/\/i-interact.eu\/wordpress\/?attachment_id=8927\" rel=\"attachment wp-att-8927\"><img loading=\"lazy\" class=\"aligncenter size-full wp-image-8927 img-fluid\" title=\"WhatsApp Image 2020-06-16 at 11.03.30\" src=\"http:\/\/i-interact.eu\/wordpress\/wp-content\/uploads\/WhatsApp-Image-2020-06-16-at-11.03.30.jpeg\" alt=\"\" width=\"833\" height=\"1024\" srcset=\"https:\/\/i-interact.eu\/wordpress\/wp-content\/uploads\/WhatsApp-Image-2020-06-16-at-11.03.30.jpeg 833w, https:\/\/i-interact.eu\/wordpress\/wp-content\/uploads\/WhatsApp-Image-2020-06-16-at-11.03.30-244x300.jpg 244w\" sizes=\"(max-width: 833px) 100vw, 833px\" \/><\/a><\/p>\n<p>\u201dUnul dintre evenimentele majore ale acestei luni este anun\u021barea rezultatelor alegerilor \u00een Statele Unite. M-a bucurat schimbarea, sper c\u0103 va aduce un suflu nou la nivel interna\u021bional, pe mai multe planuri.<\/p>\n<p>Un aspect care m-a uimit \u00eens\u0103 a fost s\u0103 aflu v\u00e2rsta noului pre\u0219edinte: 78 de ani! M-a uimit s\u0103 v\u0103d energia, vitalitatea cu care acest om se manifest\u0103. Am mai v\u0103zut acela\u0219i nivel de energie \u0219i entuziasm la unul dintre profesorii mei, de la Insead: are aceea\u0219i v\u00e2rst\u0103 cu a pre\u0219edintelui nou ales al SUA \u0219i lucreaz\u0103, \u00een aceast\u0103 perioad\u0103, la 4 c\u0103r\u021bi noi, a predat o alta deja \u0219i \u00eei va ap\u0103rea \u00een ianuarie, \u021bine cursuri, face executive coaching, este consultant pentru firme mari, guvernele unor state. M-a sunat acum dou\u0103 saptamani \u0219i p\u0103rea mai plin de via\u021b\u0103 dec\u00e2t mul\u021bi oameni tineri (a se \u00een\u021belege prin \u2018oameni tineri\u2019 orice persoan\u0103 p\u00e2n\u0103 \u00een 78 de ani) pe care \u00eei cunosc.<\/p>\n<p>Ce face oare ca ace\u0219ti oameni s\u0103 fie a\u0219a? De unde putem s\u0103 ne lu\u0103m \u0219i noi energia? A\u0219 enumera c\u00e2teva aspecte:<\/p>\n<p>S\u0103 ne concentr\u0103m pe ceea ce este cu adev\u0103rat important: dac\u0103 azi e singura noastr\u0103 zi, ce am pune \u00een ea? Cine ar avea loc? Ce culori ar c\u0103p\u0103ta? \u00cen ce note ar suna? Cum am crea aces\u0103 zi, cu diverse culori, ca pe o oper\u0103 de art\u0103, ca pe cel mai frumos vitraliu al lumii?<\/p>\n<p>S\u0103 ne \u00eenconjur\u0103m de acei oameni care conteaz\u0103, s\u0103 le facem loc \u00een via\u021ba noastr\u0103.<\/p>\n<p>S\u0103 ne alegem jobul care s\u0103 ne fac\u0103 s\u0103 ne fie u\u0219or s\u0103 ne trezim diminea\u021ba.<\/p>\n<p>S\u0103 ne lu\u0103m mai pu\u021bin \u00een serios, a\u0219a, din c\u00e2nd \u00een c\u00e2nd: toat\u0103 lumea lucreaz\u0103, toat\u0103 lumea e stresat\u0103, ocupat\u0103, to\u021bi am avut pojar c\u00e2nd eram mici. Vorba aceea rom\u00e2neasc\u0103: \u2018get over it\u2019!<\/p>\n<p>S\u0103 fim mai concentra\u021bi \u0219i pe ceilal\u021bi, nu doar pe noi \u00een\u0219ine; s\u0103 punem \u00eentreb\u0103ri celorlal\u021bi, s\u0103 ne pese cu adev\u0103rat, s\u0103 le demonstr\u0103m c\u0103 ne pas\u0103.<\/p>\n<p>S\u0103 avem activit\u0103\u021bi diverse: un job este foarte important \u00een via\u021ba noastr\u0103; dincolo de el \u00eens\u0103, mai s\u00eent \u0219i pasiuni, sport, prieteni, iubi\u021bi, familia, muzica, m\u00e2ncarea preferat\u0103, c\u0103r\u021bile, ma\u0219ina, c\u0103l\u0103toriile (c\u00e2nd s\u00eent posibile), micile bucurii ale vie\u021bii.<\/p>\n<p>V\u0103 propun s\u0103 facem un audit al zilei noastre. Pe o scal\u0103 de la 1 la 10, ce not\u0103 v-a\u021bi da? C\u00e2t de plin\u0103 este ziua cu activit\u0103\u021bi, st\u0103ri din cele de mai sus? Ce ai vrea s\u0103 fie altfel? Ce po\u021bi face de azi diferit, ca s\u0103 ai mai mult\u0103 energie? Nu de alta, dar entuziasmul atrage oameni cu idei, energie, creativitate, oportunit\u0103\u021bi. Cuv\u00e2ntul \u2018entuziasm\u2019 vine din limba greac\u0103, unde \u00eensemn\u0103 \u2018de inspira\u021bie divin\u0103\u2019. Acum, desigur, alegerea e la fiecare dintre noi.\u201d<\/p>\n<p>Weekly Inspiration scris de Georgeta Dendrino.<\/p>\n<p>#lifeaudit<br \/>\n#enablingchange<\/p>\n","protected":false},"excerpt":{"rendered":"<p>\u201dUnul dintre evenimentele majore ale acestei luni este anun\u021barea rezultatelor alegerilor \u00een Statele Unite. M-a bucurat schimbarea, sper c\u0103 va aduce un suflu nou la nivel interna\u021bional, pe mai multe planuri. Un&#8230;<\/p>\n","protected":false},"author":1,"featured_media":0,"comment_status":"closed","ping_status":"closed","sticky":false,"template":"","format":"standard","meta":[],"categories":[18],"tags":[],"_links":{"self":[{"href":"https:\/\/i-interact.eu\/wordpress\/index.php?rest_route=\/wp\/v2\/posts\/8926"}],"collection":[{"href":"https:\/\/i-interact.eu\/wordpress\/index.php?rest_route=\/wp\/v2\/posts"}],"about":[{"href":"https:\/\/i-interact.eu\/wordpress\/index.php?rest_route=\/wp\/v2\/types\/post"}],"author":[{"embeddable":true,"href":"https:\/\/i-interact.eu\/wordpress\/index.php?rest_route=\/wp\/v2\/users\/1"}],"replies":[{"embeddable":true,"href":"https:\/\/i-interact.eu\/wordpress\/index.php?rest_route=%2Fwp%2Fv2%2Fcomments&post=8926"}],"version-history":[{"count":2,"href":"https:\/\/i-interact.eu\/wordpress\/index.php?rest_route=\/wp\/v2\/posts\/8926\/revisions"}],"predecessor-version":[{"id":8929,"href":"https:\/\/i-interact.eu\/wordpress\/index.php?rest_route=\/wp\/v2\/posts\/8926\/revisions\/8929"}],"wp:attachment":[{"href":"https:\/\/i-interact.eu\/wordpress\/index.php?rest_route=%2Fwp%2Fv2%2Fmedia&parent=8926"}],"wp:term":[{"taxonomy":"category","embeddable":true,"href":"https:\/\/i-interact.eu\/wordpress\/index.php?rest_route=%2Fwp%2Fv2%2Fcategories&post=8926"},{"taxonomy":"post_tag","embeddable":true,"href":"https:\/\/i-interact.eu\/wordpress\/index.php?rest_route=%2Fwp%2Fv2%2Ftags&post=8926"}],"curies":[{"name":"wp","href":"https:\/\/api.w.org\/{rel}","templated":true}]}}