{"id":8916,"date":"2020-10-13T11:27:27","date_gmt":"2020-10-13T11:27:27","guid":{"rendered":"http:\/\/i-interact.eu\/wordpress\/?p=8916"},"modified":"2020-10-13T11:27:27","modified_gmt":"2020-10-13T11:27:27","slug":"noul-limbaj-de-lemn","status":"publish","type":"post","link":"https:\/\/i-interact.eu\/wordpress\/?p=8916","title":{"rendered":"Noul limbaj de lemn"},"content":{"rendered":"<p><a href=\"http:\/\/i-interact.eu\/wordpress\/?attachment_id=8917\" rel=\"attachment wp-att-8917\"><img loading=\"lazy\" src=\"http:\/\/i-interact.eu\/wordpress\/wp-content\/uploads\/georgeta3.jpeg\" alt=\"\" title=\"georgeta\" width=\"683\" height=\"1024\" class=\"aligncenter size-full wp-image-8917 img-fluid\" srcset=\"https:\/\/i-interact.eu\/wordpress\/wp-content\/uploads\/georgeta3.jpeg 683w, https:\/\/i-interact.eu\/wordpress\/wp-content\/uploads\/georgeta3-200x300.jpg 200w\" sizes=\"(max-width: 683px) 100vw, 683px\" \/><\/a><\/p>\n<p>\u201dIat\u0103 c\u00e2teva cuvinte, expresii, care cred c\u0103 au ajuns \u00een categoria noului limbaj de lemn. <\/p>\n<p>\u201dAutentic\u201d &#8211; se folose\u0219te des cu privire la lider, ca un fel de titlu de noble\u021be, ca un calificativ, sau ceva la care aspir\u0103 lumea. <\/p>\n<p>\u201d\u00cemi asum\u201d &#8211; nu se \u0219tie ce; am auzit la TV pe cineva care spunea c\u0103 el nu respect\u0103 semnifica\u021bia steagului ro\u0219u arborat de salvamar, la mare; c\u0103 el \u00ee\u0219i asum\u0103&#8230; Oare ce \u00ee\u0219i asum\u0103?<\/p>\n<p>\u201dOmule\u021bii\u201d &#8211; ei s\u00eent angaja\u021bii, colegii no\u0219tri.<\/p>\n<p>\u201dSomatiz\u0103m\u201d &#8211; c\u0103 ne doare spatele, piciorul, capul, cotul, g\u00e2tul, totul devine o somatizare.<\/p>\n<p>\u201dTrebuie s\u0103 ne ar\u0103t\u0103m vulnerabilitatea\u201d &#8211; de c\u00e2nd a dezb\u0103tut Brene Brown conceptul de vulnerabilitate, acesta a devenit parte din vocabularul de lemn al managementului.<\/p>\n<p>\u201d\u00cemi iau concediu\u201d &#8211; de la cine? De la tine \u00eensu\u021bi?<\/p>\n<p>\u201dAm operat-o pe mama\u201d &#8211; aici chiar c\u0103 nu stric\u0103 s\u0103 folosim diateza pasiv\u0103, nu cred c\u0103 o oper\u0103m singuri pe mama.<\/p>\n<p>\u201dSpor\u201d &#8211; este o urare mai nou\u0103 (cel pu\u021bin eu am auzit-o mult de c\u00e2teva luni \u00eencoace); probabil prescurtarea de la \u201dspor la treab\u0103\u201d dar e prea greu s\u0103 mai spunem toat\u0103 expresia.<\/p>\n<p>\u201d#grateful\u201d &#8211; asta e importat\u0103, \u00eensu\u0219it\u0103, folosit\u0103 cam mult pentru gustul meu. Nu mai apreciem ce avem, pe oamenii din jur, s\u00eentem grateful acum.<\/p>\n<p>\u201dG\u00e2nde\u0219te pozitiv!\u201d &#8211; un \u00eendemn for\u021bat, de multe ori, de la oameni care nu \u00eencearc\u0103 s\u0103 \u00een\u021beleag\u0103 prin ce treci, nu ascult\u0103, dar se pricep la a importa un concept \u0219i a-l ad\u0103uga \u00een via\u021ba lor sau a altora a\u0219a cum am ad\u0103uga un tiv de dantel\u0103 unei fuste din catifea groas\u0103 (ca nuca \u00een perete). <\/p>\n<p>Ce a\u021bi ad\u0103uga aici?\u201d<\/p>\n<p>Weekly Inspiration scris de Georgeta Dendrino.<\/p>\n<p>#interacters<br \/>\n#enablingchange<\/p>\n","protected":false},"excerpt":{"rendered":"<p>\u201dIat\u0103 c\u00e2teva cuvinte, expresii, care cred c\u0103 au ajuns \u00een categoria noului limbaj de lemn. \u201dAutentic\u201d &#8211; se folose\u0219te des cu privire la lider, ca un fel de titlu de noble\u021be, ca&#8230;<\/p>\n","protected":false},"author":1,"featured_media":0,"comment_status":"closed","ping_status":"closed","sticky":false,"template":"","format":"standard","meta":[],"categories":[18],"tags":[],"_links":{"self":[{"href":"https:\/\/i-interact.eu\/wordpress\/index.php?rest_route=\/wp\/v2\/posts\/8916"}],"collection":[{"href":"https:\/\/i-interact.eu\/wordpress\/index.php?rest_route=\/wp\/v2\/posts"}],"about":[{"href":"https:\/\/i-interact.eu\/wordpress\/index.php?rest_route=\/wp\/v2\/types\/post"}],"author":[{"embeddable":true,"href":"https:\/\/i-interact.eu\/wordpress\/index.php?rest_route=\/wp\/v2\/users\/1"}],"replies":[{"embeddable":true,"href":"https:\/\/i-interact.eu\/wordpress\/index.php?rest_route=%2Fwp%2Fv2%2Fcomments&post=8916"}],"version-history":[{"count":2,"href":"https:\/\/i-interact.eu\/wordpress\/index.php?rest_route=\/wp\/v2\/posts\/8916\/revisions"}],"predecessor-version":[{"id":8919,"href":"https:\/\/i-interact.eu\/wordpress\/index.php?rest_route=\/wp\/v2\/posts\/8916\/revisions\/8919"}],"wp:attachment":[{"href":"https:\/\/i-interact.eu\/wordpress\/index.php?rest_route=%2Fwp%2Fv2%2Fmedia&parent=8916"}],"wp:term":[{"taxonomy":"category","embeddable":true,"href":"https:\/\/i-interact.eu\/wordpress\/index.php?rest_route=%2Fwp%2Fv2%2Fcategories&post=8916"},{"taxonomy":"post_tag","embeddable":true,"href":"https:\/\/i-interact.eu\/wordpress\/index.php?rest_route=%2Fwp%2Fv2%2Ftags&post=8916"}],"curies":[{"name":"wp","href":"https:\/\/api.w.org\/{rel}","templated":true}]}}