{"id":8885,"date":"2020-08-11T10:56:14","date_gmt":"2020-08-11T10:56:14","guid":{"rendered":"http:\/\/i-interact.eu\/wordpress\/?p=8885"},"modified":"2020-08-11T10:56:14","modified_gmt":"2020-08-11T10:56:14","slug":"metallica-sau-cum-sa-ramai-relevant","status":"publish","type":"post","link":"https:\/\/i-interact.eu\/wordpress\/?p=8885","title":{"rendered":"Metallica sau cum s\u0103 r\u0103m\u00e2i relevant"},"content":{"rendered":"<p><a href=\"http:\/\/i-interact.eu\/wordpress\/?attachment_id=6508\" rel=\"attachment wp-att-6508\"><img loading=\"lazy\" src=\"http:\/\/i-interact.eu\/wordpress\/wp-content\/uploads\/alina-doica2.png\" alt=\"\" title=\"alina-doica\" width=\"333\" height=\"344\" class=\"aligncenter size-full wp-image-6508 img-fluid\" srcset=\"https:\/\/i-interact.eu\/wordpress\/wp-content\/uploads\/alina-doica2.png 333w, https:\/\/i-interact.eu\/wordpress\/wp-content\/uploads\/alina-doica2-290x300.png 290w\" sizes=\"(max-width: 333px) 100vw, 333px\" \/><\/a><\/p>\n<p>\u201cNu \u0219tiu al\u021bi fani cum sunt, dar eu am fost la un concert Metallica abia \u00een 2010, adic\u0103 la a treia lor prezen\u021b\u0103 live \u00een Rom\u00e2nia. Pot s\u0103 spun cu m\u00e2na pe inim\u0103 c\u0103 a fost unul dintre cele mai bune concerte pe care le-am v\u0103zut p\u00e2n\u0103 acum. <\/p>\n<p>Trupa a avut o presta\u021bie electrizant\u0103, plin\u0103 de vibra\u021bie, conexiune cu publicul, un mix antrenant de piese, at\u00e2t \u201dcrowd pleasers\u201d, c\u00e2t \u0219i piese mai pu\u021bin gustate de publicul larg, \u00eens\u0103 care sunt parte din marca lor. Membrii trupei erau acolo pentru noi, p\u0103rea c\u0103 le face pl\u0103cere s\u0103 interac\u021bion\u0103m. <\/p>\n<p>Mi-a pl\u0103cut \u0219i imaginea lor, vestimenta\u021bia simpl\u0103, prezen\u021ba energic\u0103 \u0219i f\u0103r\u0103 ostenta\u021bie. Se vedea c\u0103 erau \u00eentr-o form\u0103 de zile mari \u0219i au \u00eencheiat \u00een for\u021b\u0103, cu \u201dSeek and destroy\u201d.<\/p>\n<p>M-am g\u00e2ndit deseori la acel concert, mai ales dup\u0103 ce am realizat c\u0103 f\u0103ceau asta de 30 de ani. Anul trecut am ratat concertul lor, eram plecat\u0103 din \u021bar\u0103, dar am \u00een\u021beles de la colegi c\u0103 a fost din nou un concert la \u00een\u0103l\u021bime. Deci iat\u0103, fac asta de 40 de ani. Trupa s-a lansat \u00een 1981; sigur, nu au avut succesul acesta de la \u00eenceput. Sigur, nu toate albumele sunt egale ca valoare artistic\u0103.<\/p>\n<p>\u00cen ultimii ani am v\u0103zut \u00eens\u0103 pe scen\u0103 \u0219i alte nume mari, din aceea\u0219i perioad\u0103 cu ei, care m-au dezam\u0103git printr-o prezen\u021b\u0103 scenic\u0103 obosit\u0103, blazat\u0103 sau mecanic\u0103. Mi se pare remarcabil s\u0103 fii \u00een top de at\u00e2ta vreme \u0219i s\u0103 ai \u00een continuare pl\u0103cerea a ceea ce faci, s\u0103 fii, \u00een acele momente care conteaz\u0103, 100% acolo pentru publicul t\u0103u. <\/p>\n<p>Nu \u0219tiu care este re\u021beta lor, \u00eens\u0103 cu siguran\u021b\u0103 putem s\u0103 \u00eenv\u0103\u021b\u0103m de la ei \u0219i s\u0103 ne g\u0103sim propriile metode de reinventare, de redescoperire a surselor de energie, de bucurie.\u201d<\/p>\n<p>Weekly Inspiration scris de Alina Doica.<\/p>\n<p>#enablingchange<br \/>\n#reinventyourself<\/p>\n","protected":false},"excerpt":{"rendered":"<p>\u201cNu \u0219tiu al\u021bi fani cum sunt, dar eu am fost la un concert Metallica abia \u00een 2010, adic\u0103 la a treia lor prezen\u021b\u0103 live \u00een Rom\u00e2nia. Pot s\u0103 spun cu m\u00e2na pe&#8230;<\/p>\n","protected":false},"author":1,"featured_media":0,"comment_status":"closed","ping_status":"closed","sticky":false,"template":"","format":"standard","meta":[],"categories":[18],"tags":[],"_links":{"self":[{"href":"https:\/\/i-interact.eu\/wordpress\/index.php?rest_route=\/wp\/v2\/posts\/8885"}],"collection":[{"href":"https:\/\/i-interact.eu\/wordpress\/index.php?rest_route=\/wp\/v2\/posts"}],"about":[{"href":"https:\/\/i-interact.eu\/wordpress\/index.php?rest_route=\/wp\/v2\/types\/post"}],"author":[{"embeddable":true,"href":"https:\/\/i-interact.eu\/wordpress\/index.php?rest_route=\/wp\/v2\/users\/1"}],"replies":[{"embeddable":true,"href":"https:\/\/i-interact.eu\/wordpress\/index.php?rest_route=%2Fwp%2Fv2%2Fcomments&post=8885"}],"version-history":[{"count":2,"href":"https:\/\/i-interact.eu\/wordpress\/index.php?rest_route=\/wp\/v2\/posts\/8885\/revisions"}],"predecessor-version":[{"id":8887,"href":"https:\/\/i-interact.eu\/wordpress\/index.php?rest_route=\/wp\/v2\/posts\/8885\/revisions\/8887"}],"wp:attachment":[{"href":"https:\/\/i-interact.eu\/wordpress\/index.php?rest_route=%2Fwp%2Fv2%2Fmedia&parent=8885"}],"wp:term":[{"taxonomy":"category","embeddable":true,"href":"https:\/\/i-interact.eu\/wordpress\/index.php?rest_route=%2Fwp%2Fv2%2Fcategories&post=8885"},{"taxonomy":"post_tag","embeddable":true,"href":"https:\/\/i-interact.eu\/wordpress\/index.php?rest_route=%2Fwp%2Fv2%2Ftags&post=8885"}],"curies":[{"name":"wp","href":"https:\/\/api.w.org\/{rel}","templated":true}]}}