{"id":8864,"date":"2020-07-07T12:16:02","date_gmt":"2020-07-07T12:16:02","guid":{"rendered":"http:\/\/i-interact.eu\/wordpress\/?p=8864"},"modified":"2020-07-28T11:34:35","modified_gmt":"2020-07-28T11:34:35","slug":"weekly-inspiration-21","status":"publish","type":"post","link":"https:\/\/i-interact.eu\/wordpress\/?p=8864","title":{"rendered":"Weekly Inspiration"},"content":{"rendered":"<p><img loading=\"lazy\" class=\"alignnone img-fluid\" title=\"Georgeta Dendrino\" src=\"https:\/\/scontent.fclj3-1.fna.fbcdn.net\/v\/t1.0-9\/p720x720\/107255267_3386606034691514_519180247246116744_o.jpg?_nc_cat=100&amp;_nc_sid=8024bb&amp;_nc_ohc=qjkLmTAVUfcAX9cLS63&amp;_nc_ht=scontent.fclj3-1.fna&amp;_nc_tp=6&amp;oh=a49180668a03152beaf6fd1641ffca9d&amp;oe=5F478657\" alt=\"\" width=\"720\" height=\"960\" \/><\/p>\n<p>\u201dFrica&#8230;<\/p>\n<p>De ap\u0103<br \/>\nDe \u00een\u0103l\u021bimi<br \/>\nDe virusul \u0103sta<br \/>\nDe moarte<br \/>\nDe a vorbi \u00een public<br \/>\nDe a fi umilit \u00een public<br \/>\nDe nereu\u0219it\u0103<br \/>\nDe inadecvare<br \/>\nDe respingere<br \/>\nDe abandon<br \/>\nDe singur\u0103tate<\/p>\n<p>&#8230; toate acestea \u0219i multe alte frici ne fac s\u0103 tr\u0103im parc\u0103 cu fr\u00eena tras\u0103, s\u0103 ne mi\u0219c\u0103m prin lume asemenea albatrosului r\u0103nit al lui Baudelaire, s\u0103 nu func\u021bion\u0103m la \u00eentreaga noastr\u0103 capacitate.<br \/>\nToate acestea fac s\u0103 ne bucur\u0103m mai pu\u021bin, s\u0103 iubim cu grij\u0103, s\u0103 nu gust\u0103m libertatea din plin, s\u0103 avem \u00eencredere pu\u021bin\u0103 \u00een noi \u0219i \u00een ceilal\u021bi, s\u0103 experiment\u0103m numai atunci c\u00e2nd nu ne expunem prea tare, c\u00e2nd avem un confort.<\/p>\n<p>Dac\u0103 am lua piciorul de pe fr\u00eena \u0219i am ap\u0103sa accelera\u021bia, asa cum facem c\u00e2nd ne conducem ma\u0219ina, cum s-ar sim\u021bi? Cum ar fi s\u0103 tr\u0103im mai des ca atunci c\u00e2nd conducem o ma\u0219in\u0103 decapotabil\u0103 pe o coast\u0103 \u00een Italia, cu muzica preferat\u0103 \u0219i doar grija de a avea cea mai bun\u0103 zi de p\u00e2n\u0103 atunci?\u201d<\/p>\n<p>Weekly Inspiration scris de Georgeta Dendrino.<\/p>\n<p>#enablingchange<br \/>\n#freeyourmind<\/p>\n","protected":false},"excerpt":{"rendered":"<p>\u201dFrica&#8230; De ap\u0103 De \u00een\u0103l\u021bimi De virusul \u0103sta De moarte De a vorbi \u00een public De a fi umilit \u00een public De nereu\u0219it\u0103 De inadecvare De respingere De abandon De singur\u0103tate &#8230;&#8230;<\/p>\n","protected":false},"author":1,"featured_media":0,"comment_status":"closed","ping_status":"closed","sticky":false,"template":"","format":"standard","meta":[],"categories":[18],"tags":[],"_links":{"self":[{"href":"https:\/\/i-interact.eu\/wordpress\/index.php?rest_route=\/wp\/v2\/posts\/8864"}],"collection":[{"href":"https:\/\/i-interact.eu\/wordpress\/index.php?rest_route=\/wp\/v2\/posts"}],"about":[{"href":"https:\/\/i-interact.eu\/wordpress\/index.php?rest_route=\/wp\/v2\/types\/post"}],"author":[{"embeddable":true,"href":"https:\/\/i-interact.eu\/wordpress\/index.php?rest_route=\/wp\/v2\/users\/1"}],"replies":[{"embeddable":true,"href":"https:\/\/i-interact.eu\/wordpress\/index.php?rest_route=%2Fwp%2Fv2%2Fcomments&post=8864"}],"version-history":[{"count":1,"href":"https:\/\/i-interact.eu\/wordpress\/index.php?rest_route=\/wp\/v2\/posts\/8864\/revisions"}],"predecessor-version":[{"id":8865,"href":"https:\/\/i-interact.eu\/wordpress\/index.php?rest_route=\/wp\/v2\/posts\/8864\/revisions\/8865"}],"wp:attachment":[{"href":"https:\/\/i-interact.eu\/wordpress\/index.php?rest_route=%2Fwp%2Fv2%2Fmedia&parent=8864"}],"wp:term":[{"taxonomy":"category","embeddable":true,"href":"https:\/\/i-interact.eu\/wordpress\/index.php?rest_route=%2Fwp%2Fv2%2Fcategories&post=8864"},{"taxonomy":"post_tag","embeddable":true,"href":"https:\/\/i-interact.eu\/wordpress\/index.php?rest_route=%2Fwp%2Fv2%2Ftags&post=8864"}],"curies":[{"name":"wp","href":"https:\/\/api.w.org\/{rel}","templated":true}]}}