{"id":8853,"date":"2020-07-21T11:23:57","date_gmt":"2020-07-21T11:23:57","guid":{"rendered":"http:\/\/i-interact.eu\/wordpress\/?p=8853"},"modified":"2020-07-28T11:42:34","modified_gmt":"2020-07-28T11:42:34","slug":"8853","status":"publish","type":"post","link":"https:\/\/i-interact.eu\/wordpress\/?p=8853","title":{"rendered":"C\u00e2teva momente care m-au impresionat p\u00e2n\u0103 la lacrimi"},"content":{"rendered":"<p style=\"text-align: center;\"><a href=\"http:\/\/i-interact.eu\/wordpress\/?attachment_id=8825\" rel=\"attachment wp-att-8825\"><img loading=\"lazy\" class=\"size-full wp-image-8825 img-fluid\" title=\"georgeta\" src=\"http:\/\/i-interact.eu\/wordpress\/wp-content\/uploads\/georgeta.jpeg\" alt=\"\" width=\"684\" height=\"1024\" srcset=\"https:\/\/i-interact.eu\/wordpress\/wp-content\/uploads\/georgeta.jpeg 684w, https:\/\/i-interact.eu\/wordpress\/wp-content\/uploads\/georgeta-200x300.jpg 200w\" sizes=\"(max-width: 684px) 100vw, 684px\" \/><\/a><\/p>\n<p>\u201dC\u00e2nd cineva cu care am f\u0103cut coaching \u0219i cu care m-am \u00eemprietenit, a f\u0103cut pentru mine p\u00e2ine f\u0103r\u0103 gluten \u0219i mi-a adus-o acas\u0103, c\u00e2nd aveam febr\u0103.<\/p>\n<p>C\u00e2nd o v\u0103d pe Sophie, \u00een fiecare an c\u00e2nd re\u00eencepe \u0219coala, \u0219i c\u00e2nd, la careu, c\u00e2nt\u0103m Gaudeamus.<\/p>\n<p>C\u00e2nd am luat un premiu interna\u021bional \u0219i mi-au c\u00e2ntat \u2018simply the best\u2019.<\/p>\n<p>C\u00e2nd, la petrecerea mea de 40 de ani, colegii mi-au c\u00e2ntat acela\u0219i c\u00e2ntec.<\/p>\n<p>Anul trecut, la Festivalul dansului, c\u00e2nd au dansat R\u0103zvan Mazilu \u0219i Monica Petric.<\/p>\n<p>C\u00e2nd cineva cu care colaborez de mai mul\u021bi ani mi-a adus un Serafim, spun\u00e2ndu-mi c\u0103 \u0219i-a rugat sora s\u0103 \u00eel fac\u0103 pentru mine, ca s\u0103 \u0219tie c\u0103 am un fel de \u00eenger p\u0103zitor.<\/p>\n<p>C\u00e2nd cele dou\u0103 antreprenoare c\u0103rora le-am fost coach, una din SUA, cealalt\u0103 din MENA (Middle East North Africa), au c\u00e2\u0219tigat marele premiu la Cartier Women&#8217;s Initiative Awards.<\/p>\n<p>C\u00e2nd, \u00een pandemie, am realizat c\u0103 dou\u0103 persoane m-au \u00eentrebat zilnic cum \u00eemi e.<\/p>\n<p>C\u00e2nd am primit cadou o carte cu dedica\u021bia: \u2018mi-ai schimbat lumea\u2019.<\/p>\n<p>C\u00e2nd o client\u0103 pe care nu o mai v\u0103zusem de mul\u021bi ani mi-a spus c\u0103 se ghideaz\u0103 dup\u0103 ceva ce \u00eei spusesem la \u00eenceputul anilor 2000, \u0219i anume: \u2018cea mai bun\u0103 investi\u021bie pe care o po\u021bi face \u00een via\u021b\u0103 este investi\u021bia \u00een tine \u00eens\u0103\u021bi\u2019.<\/p>\n<p>Pe tine ce te-a impresionat \u00een ultimii ani at\u00e2t de tare c\u0103 \u0219i-au dat lacrimile?\u201d<\/p>\n<p>Weekly Inspiration scris de Georgeta Dendrino.<\/p>\n<p>#grateful<br \/>\n#enablingchange<\/p>\n","protected":false},"excerpt":{"rendered":"<p>\u201dC\u00e2nd cineva cu care am f\u0103cut coaching \u0219i cu care m-am \u00eemprietenit, a f\u0103cut pentru mine p\u00e2ine f\u0103r\u0103 gluten \u0219i mi-a adus-o acas\u0103, c\u00e2nd aveam febr\u0103. C\u00e2nd o v\u0103d pe Sophie, \u00een&#8230;<\/p>\n","protected":false},"author":1,"featured_media":0,"comment_status":"closed","ping_status":"closed","sticky":false,"template":"","format":"standard","meta":[],"categories":[18],"tags":[],"_links":{"self":[{"href":"https:\/\/i-interact.eu\/wordpress\/index.php?rest_route=\/wp\/v2\/posts\/8853"}],"collection":[{"href":"https:\/\/i-interact.eu\/wordpress\/index.php?rest_route=\/wp\/v2\/posts"}],"about":[{"href":"https:\/\/i-interact.eu\/wordpress\/index.php?rest_route=\/wp\/v2\/types\/post"}],"author":[{"embeddable":true,"href":"https:\/\/i-interact.eu\/wordpress\/index.php?rest_route=\/wp\/v2\/users\/1"}],"replies":[{"embeddable":true,"href":"https:\/\/i-interact.eu\/wordpress\/index.php?rest_route=%2Fwp%2Fv2%2Fcomments&post=8853"}],"version-history":[{"count":6,"href":"https:\/\/i-interact.eu\/wordpress\/index.php?rest_route=\/wp\/v2\/posts\/8853\/revisions"}],"predecessor-version":[{"id":8877,"href":"https:\/\/i-interact.eu\/wordpress\/index.php?rest_route=\/wp\/v2\/posts\/8853\/revisions\/8877"}],"wp:attachment":[{"href":"https:\/\/i-interact.eu\/wordpress\/index.php?rest_route=%2Fwp%2Fv2%2Fmedia&parent=8853"}],"wp:term":[{"taxonomy":"category","embeddable":true,"href":"https:\/\/i-interact.eu\/wordpress\/index.php?rest_route=%2Fwp%2Fv2%2Fcategories&post=8853"},{"taxonomy":"post_tag","embeddable":true,"href":"https:\/\/i-interact.eu\/wordpress\/index.php?rest_route=%2Fwp%2Fv2%2Ftags&post=8853"}],"curies":[{"name":"wp","href":"https:\/\/api.w.org\/{rel}","templated":true}]}}