{"id":8842,"date":"2020-07-28T11:04:36","date_gmt":"2020-07-28T11:04:36","guid":{"rendered":"http:\/\/i-interact.eu\/wordpress\/?p=8842"},"modified":"2020-07-28T11:04:36","modified_gmt":"2020-07-28T11:04:36","slug":"de-la-fomo-la-mo","status":"publish","type":"post","link":"https:\/\/i-interact.eu\/wordpress\/?p=8842","title":{"rendered":"De la FOMO la MO"},"content":{"rendered":"<p style=\"text-align: left;\"><a href=\"http:\/\/i-interact.eu\/wordpress\/?attachment_id=6508\" rel=\"attachment wp-att-6508\"><img loading=\"lazy\" class=\"size-full wp-image-6508 img-fluid\" title=\"alina-doica\" src=\"http:\/\/i-interact.eu\/wordpress\/wp-content\/uploads\/alina-doica2.png\" alt=\"\" width=\"333\" height=\"344\" srcset=\"https:\/\/i-interact.eu\/wordpress\/wp-content\/uploads\/alina-doica2.png 333w, https:\/\/i-interact.eu\/wordpress\/wp-content\/uploads\/alina-doica2-290x300.png 290w\" sizes=\"(max-width: 333px) 100vw, 333px\" \/><\/a><\/p>\n<p>\u201d\u00cemi amintesc c\u0103 m-a uimit \u0219i m-a amuzat c\u00e2nd am aflat semnifica\u021bia acestei prescurt\u0103ri \u2013 FOMO, \u201dfear of missing out\u201d. Un fenomen al zilelor noastre cople\u0219ite de multitudinea de op\u021biuni la orice pas, faptul c\u0103 alegem ceva ne provoac\u0103 anxietatea tuturor lucrurilor pe care le excludem prin aceast\u0103 alegere. Stau \u00een cas\u0103 vineri seara \u0219i m\u0103 \u00eendop cu ultimul sezon al nu \u0219tiu c\u0103rui serial obscur? Dac\u0103 prietenii mei sunt \u00een cel mai cool loc din ora\u0219, despre care n-au auzit \u00eenc\u0103 nici m\u0103car influencerii momentului? Panic\u0103.<\/p>\n<p>Contextul actual a simplificat mult aceste lucruri. Cel pu\u021bin pentru o vreme nu am ie\u0219it nic\u0103ieri; \u00een continuare modalit\u0103\u021bile de a socializa sunt destul de limitate \u0219i vor mai fi pentru o bun\u0103 bucat\u0103. Dar cum omului nu pare s\u0103-i fie dat s\u0103 tr\u0103iasc\u0103 f\u0103r\u0103 s\u0103 se fr\u0103m\u00e2nte, au ap\u0103rut alte anxiet\u0103\u021bi, alte moduri de a t\u00e2nji.<\/p>\n<p>Spunea cineva \u00eentr-un podcast pe care l-am ascultat recent c\u0103 printre altele, noua stare de fapt ne priveaz\u0103 de \u00eent\u00e2lnirile \u00eent\u00e2mpl\u0103toare. Exist\u0103 o bog\u0103\u021bie subtil\u0103 a acestor \u00eent\u00e2lniri, mai ales dac\u0103 le transform\u0103m \u00een prilej de taifas sau dimpotriv\u0103, de rezolvare ad-hoc a unor daravele m\u0103runte ce ne st\u0103teau pe cap. Mai exist\u0103 \u0219i acea surpriz\u0103 de a-\u021bi fi ie\u0219it cineva \u00een cale, pe care te bucuri s\u0103-l vezi, ceea ce a devenit mai pu\u021bin posibil \u00een epoca \u00eentrevederilor virtuale programate la minut.<\/p>\n<p>Cred totu\u0219i c\u0103 putem suplini \u00eentr-o oarecare m\u0103sur\u0103 acest gol mai pu\u021bin evident. Putem s\u0103-i sun\u0103m pur \u0219i simplu pe cei cu care n-am mai vorbit de ceva vreme, f\u0103r\u0103 un motiv anume, doar cu g\u00e2ndul de a-i \u00eentreba ce mai fac \u0219i a asculta p\u00e2n\u0103 la cap\u0103t r\u0103spunsul. Pentru ei, va fi o surpriz\u0103 la fel de pl\u0103cut\u0103 ca o \u00eent\u00e2lnire \u00eent\u00e2mpl\u0103toare, \u00eentr-o zi de var\u0103.\u201d<\/p>\n<p>Weekly Inspiration scris de Alina Doica.<\/p>\n<p>#enablingchange<br \/>\n#communication<\/p>\n","protected":false},"excerpt":{"rendered":"<p>\u201d\u00cemi amintesc c\u0103 m-a uimit \u0219i m-a amuzat c\u00e2nd am aflat semnifica\u021bia acestei prescurt\u0103ri \u2013 FOMO, \u201dfear of missing out\u201d. Un fenomen al zilelor noastre cople\u0219ite de multitudinea de op\u021biuni la orice&#8230;<\/p>\n","protected":false},"author":1,"featured_media":0,"comment_status":"closed","ping_status":"closed","sticky":false,"template":"","format":"standard","meta":[],"categories":[18],"tags":[],"_links":{"self":[{"href":"https:\/\/i-interact.eu\/wordpress\/index.php?rest_route=\/wp\/v2\/posts\/8842"}],"collection":[{"href":"https:\/\/i-interact.eu\/wordpress\/index.php?rest_route=\/wp\/v2\/posts"}],"about":[{"href":"https:\/\/i-interact.eu\/wordpress\/index.php?rest_route=\/wp\/v2\/types\/post"}],"author":[{"embeddable":true,"href":"https:\/\/i-interact.eu\/wordpress\/index.php?rest_route=\/wp\/v2\/users\/1"}],"replies":[{"embeddable":true,"href":"https:\/\/i-interact.eu\/wordpress\/index.php?rest_route=%2Fwp%2Fv2%2Fcomments&post=8842"}],"version-history":[{"count":2,"href":"https:\/\/i-interact.eu\/wordpress\/index.php?rest_route=\/wp\/v2\/posts\/8842\/revisions"}],"predecessor-version":[{"id":8844,"href":"https:\/\/i-interact.eu\/wordpress\/index.php?rest_route=\/wp\/v2\/posts\/8842\/revisions\/8844"}],"wp:attachment":[{"href":"https:\/\/i-interact.eu\/wordpress\/index.php?rest_route=%2Fwp%2Fv2%2Fmedia&parent=8842"}],"wp:term":[{"taxonomy":"category","embeddable":true,"href":"https:\/\/i-interact.eu\/wordpress\/index.php?rest_route=%2Fwp%2Fv2%2Fcategories&post=8842"},{"taxonomy":"post_tag","embeddable":true,"href":"https:\/\/i-interact.eu\/wordpress\/index.php?rest_route=%2Fwp%2Fv2%2Ftags&post=8842"}],"curies":[{"name":"wp","href":"https:\/\/api.w.org\/{rel}","templated":true}]}}