{"id":8832,"date":"2020-06-30T12:31:05","date_gmt":"2020-06-30T12:31:05","guid":{"rendered":"http:\/\/i-interact.eu\/wordpress\/?p=8832"},"modified":"2020-06-30T12:31:05","modified_gmt":"2020-06-30T12:31:05","slug":"de-unde-ne-luam-energie","status":"publish","type":"post","link":"https:\/\/i-interact.eu\/wordpress\/?p=8832","title":{"rendered":"De unde ne lu\u0103m energie?"},"content":{"rendered":"<p><a href=\"http:\/\/i-interact.eu\/wordpress\/?attachment_id=8833\" rel=\"attachment wp-att-8833\"><img loading=\"lazy\" src=\"http:\/\/i-interact.eu\/wordpress\/wp-content\/uploads\/WhatsApp-Image-2020-06-30-at-13.10.48.jpeg\" alt=\"\" title=\"WhatsApp Image 2020-06-30 at 13.10.48\" width=\"1024\" height=\"683\" class=\"aligncenter size-full wp-image-8833 img-fluid\" srcset=\"https:\/\/i-interact.eu\/wordpress\/wp-content\/uploads\/WhatsApp-Image-2020-06-30-at-13.10.48.jpeg 1024w, https:\/\/i-interact.eu\/wordpress\/wp-content\/uploads\/WhatsApp-Image-2020-06-30-at-13.10.48-300x200.jpg 300w\" sizes=\"(max-width: 1024px) 100vw, 1024px\" \/><\/a><\/p>\n<p>\u201dLaptopul meu are personalitate: c\u00e2nd se \u00eencarc\u0103 100%, c\u00e2nd nu vrea deloc, c\u00e2nd st\u0103 pe la 50%. Nu am observat acest lucru p\u00e2n\u0103 la pandemie, c\u00e2nd 12-14 ore din ziua mea s\u00eent \u00een fa\u021ba ecranului. Cum folosesc mult video, am nevoie s\u0103 am bateria buna, cablurile bune pentru \u00eenc\u0103rc\u0103toare. <\/p>\n<p>A\u0219 compara laptopul \u0219i nevoia de a fi \u00eenc\u0103rcat, up and running mereu, cu modul \u00een care ar fi de dorit s\u0103 fie \u2018\u00eenc\u0103rca\u021bi\u2019 cu energie oamenii din organiza\u021bii. <\/p>\n<p>Avem to\u021bi zile c\u00e2nd avem energie, s\u00eentem pe val, zile c\u00e2nd s\u00eentem la nivelul marii, iar altele sub ap\u0103, c\u00e2nd nu ne vine s\u0103 \u00eencepem ziua. Cu at\u00e2t mai mult, \u00een incertitudine, e necesar s\u0103 avem diverse interven\u021bii care s\u0103 ne sus\u021bin\u0103.<br \/>\nA\u0219 \u00eendr\u0103zni s\u0103 afirm c\u0103 o responsabilitate mare revine fiec\u0103ruia dintre noi dar un sprijin important poate veni de la companiile unde lucr\u0103m.<br \/>\nResponsabilitatea individual\u0103 a\u0219 zice c\u0103 este pentru nivelul de energie, de implicare. Aceasta presupune:<\/p>\n<p>&#8211; S\u0103 identific\u0103m ce ne face s\u0103 ne dam jos din pat diminea\u021ba cu dorin\u021ba de a face lucruri; ce proiecte avem de care de-abia a\u0219tept\u0103m s\u0103 ne apuc\u0103m.<\/p>\n<p>&#8211; S\u0103 ne \u00eenconjur\u0103m \u0219i de oameni care s\u0103 ne sus\u021bin\u0103 \u00een a avea o stare bun\u0103.<\/p>\n<p>&#8211; S\u0103 fim aten\u021bi la modul cum ne hr\u0103nim mintea, sufletul \u0219i corpul (ce citim, \u00eenv\u0103\u021b\u0103m, ascult\u0103m, ce emo\u021bii avem, ce m\u00e2nc\u0103m, dac\u0103 facem exerci\u021bii \u0219i \u00een ce fel). \u0218tiu, par lucruri simple dar c\u00e2t de buni s\u00eentem \u00een privin\u021ba lor?<\/p>\n<p>&#8211; S\u0103 g\u0103sim formule de a ne practica pasiunile, at\u00e2t c\u00e2t e posibil acum. Una din pasiunile mele o reprezint\u0103 parfumurile. Am multe, le combin; merg des la un magazin cu parfumuri de ni\u0219\u0103, petrec destul de mult timp acolo; citesc despre parfumuri; ascult pe al\u021bii care povestesc despre ingrediente, istoria acestui domeniu.<\/p>\n<p>&#8211; S\u0103 citim literatur\u0103 sau despre oameni celebri, autobiografii. Cititul unor asemenea c\u0103r\u021bi ne d\u0103 senza\u021bia c\u0103 tr\u0103im mai multe vie\u021bi noi \u00een\u0219ine, ne d\u0103 idei.<\/p>\n<p>&#8211; S\u0103 fim foarte aten\u021bi la cum altern\u0103m momentele de relaxare cu cele de lucru, s\u0103 le combin\u0103m astfel \u00eenc\u00e2t s\u0103 ob\u021binem starea cea mai bun\u0103 pentru a fi cea mai bun\u0103 versiune a noastr\u0103 din acea zi.<br \/>\nPoate avem nevoie de cineva cu care s\u0103 vorbim, atunci c\u00e2nd ne este greu &#8211; s\u0103 fim con\u0219tien\u021bi de asta \u0219i s\u0103 c\u0103ut\u0103m cea mai bun\u0103 versiune pentru noi: prieteni, coach, mentor, psihoterapeut, ce func\u021bioneaz\u0103 pentru fiecare.<\/p>\n<p>Responsabilitatea companiilor:<\/p>\n<p>V\u0103 aminti\u021bi de poza aceea de dup\u0103 2009, \u00een care un CEO \u00eei spune CFO c\u0103 trebuie s\u0103 investeasc\u0103 \u00een dezvoltarea oamenilor; CFO zice: dar dac\u0103 investim \u0219i pleac\u0103? Iar CEO: dar dac\u0103 nu investim \u0219i stau?<\/p>\n<p>Senza\u021bia este c\u0103 acum e foarte important ca managerii s\u0103 \u00eei \u021bin\u0103 aproape pe angaja\u021bi. Nivelul de incertitudine este mare pentru toat\u0103 lumea. Acum este un moment \u00een care s\u0103 vedem ce nevoi au oamenii, cum putem s\u0103 \u00eei sus\u021binem.<br \/>\nAm v\u0103zut o prezentare la Back to Business Virtual Summit, \u00een care reprezentanta firmei Kantar ar\u0103ta rezultatele unui studiu f\u0103cut de ei. Era despre ce vor face oamenii dup\u0103 lockdown:<\/p>\n<p>1. Focus mai mare pe igien\u0103;<br \/>\n2. S\u0103 m\u0103n\u00e2nce mai s\u0103n\u0103tos;<br \/>\n3. S\u0103 petreac\u0103 mai mult timp cu cei dragi;<br \/>\n4. S\u0103 investeasc\u0103 \u00een dezvoltarea lor.<\/p>\n<p>Dup\u0103 cum vedem, este o nevoie de a acoperi at\u00e2t zonele de jos, c\u00e2t \u0219i cele de sus ale piramidei lui Maslow.<br \/>\nCred c\u0103 dac\u0103 acum ar\u0103t\u0103m c\u0103 ne pas\u0103 de oameni, de ce au ei nevoie, avem \u0219anse mai mari ca ei s\u0103 \u021bin\u0103 minte, s\u0103 fie mai motiva\u021bi, mai productivi.<br \/>\nO companie are acces la alte resurse, studii, poate sus\u021bine dezvoltarea oamenilor la alt nivel, iar de aceast\u0103 investi\u021bie beneficiaz\u0103 \u0219i ea. <\/p>\n<p>S\u0103 nu uit\u0103m c\u0103, dac\u0103 s\u00eentem ca laptopul meu, f\u0103r\u0103 baterie, nu e prea simplu s\u0103 ne \u00eenc\u0103rc\u0103m singuri. Nu c\u0103ut\u0103m resursele atunci, e bine s\u0103 le avem listate deja, s\u0103 avem p\u00e2rghiile de sprijin stabilite, s\u0103 avem un cablu de rezerv\u0103, care s\u0103 ne re\u00eencarce bateriile. <\/p>\n<p>Tu cum \u00ee\u021bi re\u00eencarci bateriile?\u201d<\/p>\n<p>Weekly Inspiration scris de Georgeta Dendrino.<\/p>\n<p>#enablingchange<br \/>\n#energising<\/p>\n","protected":false},"excerpt":{"rendered":"<p>\u201dLaptopul meu are personalitate: c\u00e2nd se \u00eencarc\u0103 100%, c\u00e2nd nu vrea deloc, c\u00e2nd st\u0103 pe la 50%. Nu am observat acest lucru p\u00e2n\u0103 la pandemie, c\u00e2nd 12-14 ore din ziua mea s\u00eent&#8230;<\/p>\n","protected":false},"author":1,"featured_media":0,"comment_status":"closed","ping_status":"closed","sticky":false,"template":"","format":"standard","meta":[],"categories":[18],"tags":[],"_links":{"self":[{"href":"https:\/\/i-interact.eu\/wordpress\/index.php?rest_route=\/wp\/v2\/posts\/8832"}],"collection":[{"href":"https:\/\/i-interact.eu\/wordpress\/index.php?rest_route=\/wp\/v2\/posts"}],"about":[{"href":"https:\/\/i-interact.eu\/wordpress\/index.php?rest_route=\/wp\/v2\/types\/post"}],"author":[{"embeddable":true,"href":"https:\/\/i-interact.eu\/wordpress\/index.php?rest_route=\/wp\/v2\/users\/1"}],"replies":[{"embeddable":true,"href":"https:\/\/i-interact.eu\/wordpress\/index.php?rest_route=%2Fwp%2Fv2%2Fcomments&post=8832"}],"version-history":[{"count":3,"href":"https:\/\/i-interact.eu\/wordpress\/index.php?rest_route=\/wp\/v2\/posts\/8832\/revisions"}],"predecessor-version":[{"id":8836,"href":"https:\/\/i-interact.eu\/wordpress\/index.php?rest_route=\/wp\/v2\/posts\/8832\/revisions\/8836"}],"wp:attachment":[{"href":"https:\/\/i-interact.eu\/wordpress\/index.php?rest_route=%2Fwp%2Fv2%2Fmedia&parent=8832"}],"wp:term":[{"taxonomy":"category","embeddable":true,"href":"https:\/\/i-interact.eu\/wordpress\/index.php?rest_route=%2Fwp%2Fv2%2Fcategories&post=8832"},{"taxonomy":"post_tag","embeddable":true,"href":"https:\/\/i-interact.eu\/wordpress\/index.php?rest_route=%2Fwp%2Fv2%2Ftags&post=8832"}],"curies":[{"name":"wp","href":"https:\/\/api.w.org\/{rel}","templated":true}]}}