{"id":8828,"date":"2020-06-23T11:00:37","date_gmt":"2020-06-23T11:00:37","guid":{"rendered":"http:\/\/i-interact.eu\/wordpress\/?p=8828"},"modified":"2020-06-23T11:00:37","modified_gmt":"2020-06-23T11:00:37","slug":"in-spatele-videocamerei-inchise","status":"publish","type":"post","link":"https:\/\/i-interact.eu\/wordpress\/?p=8828","title":{"rendered":"\u00cen spatele videocamerei \u00eenchise"},"content":{"rendered":"<p><a href=\"http:\/\/i-interact.eu\/wordpress\/?attachment_id=8776\" rel=\"attachment wp-att-8776\"><img loading=\"lazy\" class=\"aligncenter size-full wp-image-8776 img-fluid\" title=\"lucian-mihai-interact_0\" src=\"http:\/\/i-interact.eu\/wordpress\/wp-content\/uploads\/lucian-mihai-interact_0.jpg\" alt=\"\" width=\"500\" height=\"728\" \/><\/a><\/p>\n<p>\u201dAdresez o \u00eentrebare \u0219i a\u0219tept r\u0103spunsul participan\u021bilor. Pe ecran, \u00een fa\u021ba mea, v\u0103d cincisprezece p\u0103trate negre. Pe fiecare, un nume \u0219i un prenume scris cu alb intr\u0103 \u00een contrast cu cincisprezece simboluri ro\u0219ii de microfon \u00eenchis. Secundele trec, par minute, iar albul numelor se contope\u0219te parc\u0103 cu ro\u0219ul microfoanelor. Oare mai sunt acolo? I-am pierdut? Lucreaz\u0103 la altceva? \u00eentr-un final c\u00e2teva persoane r\u0103spund \u0219i parc\u0103 m\u0103 surprinde c\u0103 erau \u00eenc\u0103 conecta\u021bi la discu\u021bie. De unii nu voi fi sigur nici p\u00e2n\u0103 la final. Probabil nu sunt singura persoan\u0103 care a experimentat o astfel de situa\u021bie \u00een \u201dnoua realitate\u201d generat\u0103 de pandemia prin care trecem. Din fericire, majoritatea persoanelor cu care am lucrat \u00ee\u0219i deschid camerele iar acest lucru aduce un plus \u00een calitatea comunic\u0103rii, participare, atmosfer\u0103, schimb de idei \u0219i chiar eficien\u021b\u0103 din punct de vedere al timpului consumat.<\/p>\n<p>Lucru de acas\u0103 impus de necesitatea distan\u021b\u0103rii sociale va mai continua (pentru \u201dgulerele albe\u201d care \u00ee\u0219i permit acest privilegiu) probabil cel pu\u021bin p\u00e2n\u0103 la sf\u00e2r\u0219itul acestui an, iar parte din acest fel de a munci va r\u0103m\u00e2ne valabil \u0219i \u00een epoca post pandemie. Un efect al distan\u021b\u0103rii sociale este \u0219i distan\u021barea afectiv\u0103 iar afectele joac\u0103 un rol esen\u021bial \u00een dinamica natural\u0103 a rela\u021biilor noastre de lucru. Noul mod de lucru la distan\u021b\u0103 vine cu constr\u00e2ngerile, dezavantajele \u0219i avantajele sale iar folosirea optim\u0103 a instrumentelor pe care le avem nu se leag\u0103 doar de eficien\u021b\u0103, productivitate \u0219i rezultate ci \u0219i de stare, motivare \u0219i apartenen\u021b\u0103. Folosirea camerei video este singurul lucru care poate suplini \u00een lucrul de la distan\u021b\u0103 ceea ce \u00een mod natural facem c\u00e2nd socializ\u0103m, comunic\u0103m sau colabor\u0103m, ne vedem, ne privim \u00een ochi, z\u00e2mbim, ne \u00eencrunt\u0103m, d\u0103m din m\u00e2ini, ridic\u0103m din umeri \u0219i multe altele.<\/p>\n<p>\u00cen afar\u0103 de experien\u021bele mele \u0219i ale colegilor mei, am aflat din discu\u021bii cu clien\u021bi, parteneri sau prieteni c\u0103 modelul de a lucra \u00een echipe la distan\u021b\u0103 cu camera \u00eenchis\u0103 sau doar \u00een conferin\u021be audio nu este sporadic \u0219i c\u0103 pentru unele organiza\u021bii e deja un mod de lucru obi\u0219nuit. Indiferent c\u0103 vorbim de impactul asupra unei echipe, departament sau organiza\u021bie, acest detaliu al camerei deschise este \u0219i va fi relevant pentru ceva vreme de acum \u00eencolo.<\/p>\n<p>Este adev\u0103rat c\u0103 nu putem impune folosirea camerei video \u00een interac\u021biunile noastre \u0219i c\u0103 vorbim p\u00e2n\u0103 la urm\u0103 de o alegere personal\u0103 \u2013 iar \u00een contextul de care se face de acas\u0103, este chiar un drept individual. De aceea, pentru a \u00eencuraja \u0219i nu pentru a impune un mod de lucru, cred c\u0103 este nevoie s\u0103 identific\u0103m ce ne \u00eempiedic\u0103 s\u0103 deschidem camerele video sau ce ne motiveaz\u0103 s\u0103 le \u021binem \u00eenchise.<\/p>\n<p>Cred c\u0103 un prim motiv se leag\u0103 de un model mental dup\u0103 care func\u021bion\u0103m cu to\u021bii, separarea spa\u021biului privat de spa\u021biul de munc\u0103, ceea ce determin\u0103 nevoia, con\u0219tient\u0103 sau nu, de a proteja spa\u021biul privat, cel intim. Chiar dac\u0103 vorbim de un cadru limitat pe care \u00eel ofer\u0103 camera video, este vorba de o fereastr\u0103 c\u0103tre spa\u021biul intim pe care aceasta o deschide c\u0103tre ceilal\u021bi. Aici tehnologia ne poate ajuta, cel pu\u021bin \u00een teorie, pentru c\u0103 ne pune la dispozi\u021bie cadre artificiale care s\u0103 acopere cadrul real \u00een care suntem surprin\u0219i de camer\u0103. Doar c\u0103, \u00een lipsa unui perete uniform verde (sau m\u0103car alb) am descoperit mul\u021bi modul \u00een care capul, p\u0103rul, sau p\u0103r\u021bi ale fe\u021bei ne pot fi deformate \u00een momentul \u00een care introducem un fundal virtual. Imaginea de cadru se poate estompa pe unele platforme de conferin\u021b\u0103, l\u0103s\u00e2nd doar fa\u021ba protagonistului clar\u0103 \u0219i aparent asta nu e suficient pentru unii dintre noi.<\/p>\n<p>La nivel european, Rom\u00e2nia ocup\u0103 un loc frunta\u0219 la num\u0103rul de persoane care de\u021bin o locuin\u021b\u0103 \u00een proprietate personal\u0103 dar, pe de alt\u0103 parte, ocup\u0103 un loc coda\u0219 la m\u0103rimea spa\u021biului locativ ceea ce face mai greu de gestionat spa\u021biul de lucru de acas\u0103 cu ceilal\u021bi membri de familie sau parteneri de locuit. Aceasta adaug\u0103 un alt posibil motiv.<\/p>\n<p>\u201dAcas\u0103\u201d este asociat \u0219i cu confortul \u0219i relaxarea \u00een ceea ce prive\u0219te aparen\u021ba, imaginea personal\u0103. De aceea, un alt factor se leag\u0103 de confort versus efortul necesar de a ne preg\u0103ti o imagine cu care e acceptabil din punct de vedere socio-cultural s\u0103 \u201die\u0219im \u00een lume\u201d. Vestimenta\u021bia, p\u0103rul, machiajul ocup\u0103 timp \u0219i efort \u0219i e mult mai u\u0219or s\u0103 ape\u0219i un buton.<\/p>\n<p>Nevoia de a c\u00e2\u0219tiga timp, unele urgen\u021be, ne \u00eemping de multe ori s\u0103 \u00eencerc\u0103m s\u0103 facem mai multe lucruri de o dat\u0103 \u0219i iat\u0103 ce oportunitate ne ofer\u0103 butonul de \u00eenchis camera fa\u021b\u0103 de o \u00eent\u00e2lnire fa\u021b\u0103 \u00een fa\u021b\u0103 unde ar fi un comportament mult mai u\u0219or de sanc\u021bionat din punct de vedere social.<\/p>\n<p>Camera aduce cu sine \u0219i complexul reflectorului pentru c\u0103 ea creeaz\u0103 mult mai pregnant senza\u021bia c\u0103 to\u021bi se uit\u0103 la tine c\u00e2nd vorbe\u0219ti de\u0219i acest lucru se \u00eent\u00e2mpl\u0103 \u0219i c\u00e2nd vorbe\u0219ti fa\u021b\u0103 \u00een fa\u021b\u0103 cu un grup. La asta se mai adaug\u0103 un lucru poate mai pu\u021bin evident. Platformele de video conferin\u021b\u0103 ne ofer\u0103 \u00een mod implicit deschis\u0103 camera monitor, cea \u00een care ne vedem pe noi. Prezen\u021ba camerei monitor distrage aten\u021bia de la subiectul discu\u021biei \u0219i focusul se duce incon\u0219tient c\u0103tre o nevoie at\u00e2t de important\u0103 pentru majoritatea oamenilor, nevoia de ar\u0103ta bine, de a fi prezentabili de a ne sim\u021bi bine cu noi \u00een\u0219ine din punct de vedere estetic. Cum spunea cineva, e greu s\u0103 conduci o \u0219arj\u0103 de cavalerie dac\u0103 e\u0219ti preocupat de cum ar\u0103\u021bi c\u0103lare \u0219i prin urmare dec\u00e2t s\u0103 avem oglinda cu noi mai bine o \u201d\u00eenchidem\u201d. Aici solu\u021bia tehnic\u0103 e simpl\u0103, verific\u0103 cum ar\u0103\u021bi la \u00eenceputul \u00eent\u00e2lnirii \u0219i apoi \u00eenchide camera monitor dar las\u0103-i pe ceilal\u021bi s\u0103 te vad\u0103.<\/p>\n<p>\u0218i dac\u0103 am ajuns s\u0103 scriu de solu\u021bii deja cred c\u0103 ele nu sunt simple sau pu\u021bine ci vin din c\u00e2teva zone cheie: modelare, \u00eencurajare, toleran\u021b\u0103, negociere \u0219i respect.<\/p>\n<p>Cred c\u0103 e nevoie ca liderii formali \u0219i informali dintr-o organiza\u021bie s\u0103 modeleze comportamentul camerei deschise \u0219i s\u0103 \u00eencurajeze folosirea ei. Cred c\u0103 e nevoie s\u0103 cunoa\u0219tem, s\u0103 \u00een\u021belegem \u0219i s\u0103 toler\u0103m cazurile speciale sau dificile prin care trecem cu to\u021bii la un moment dat. Mai cred c\u0103 la nivel de echipe e nevoie s\u0103 negociem deschis \u0219i s\u0103 regl\u0103m cele mai bune modalit\u0103\u021bi de lucru \u0219i colaborare implic\u00e2ndu-i pe to\u021bi. Nu \u00een ultimul r\u00e2nd, cred c\u0103 e nevoie s\u0103 vorbim \u0219i despre respect \u0219i implica\u021biile pe care folosirea sau nu a camerei video o au \u00een zona de valori \u0219i cutume sociale pentru c\u0103 \u00eentr-un fel sau altul gener\u0103m \u00een acest moment noi cutume.\u201d<\/p>\n<p>Weekly Inspiration scris de Lucian Mihai.<\/p>\n<p>#enablingchange<br \/>\n#remote<\/p>\n","protected":false},"excerpt":{"rendered":"<p>\u201dAdresez o \u00eentrebare \u0219i a\u0219tept r\u0103spunsul participan\u021bilor. Pe ecran, \u00een fa\u021ba mea, v\u0103d cincisprezece p\u0103trate negre. Pe fiecare, un nume \u0219i un prenume scris cu alb intr\u0103 \u00een contrast cu cincisprezece simboluri&#8230;<\/p>\n","protected":false},"author":1,"featured_media":0,"comment_status":"closed","ping_status":"closed","sticky":false,"template":"","format":"standard","meta":[],"categories":[18],"tags":[],"_links":{"self":[{"href":"https:\/\/i-interact.eu\/wordpress\/index.php?rest_route=\/wp\/v2\/posts\/8828"}],"collection":[{"href":"https:\/\/i-interact.eu\/wordpress\/index.php?rest_route=\/wp\/v2\/posts"}],"about":[{"href":"https:\/\/i-interact.eu\/wordpress\/index.php?rest_route=\/wp\/v2\/types\/post"}],"author":[{"embeddable":true,"href":"https:\/\/i-interact.eu\/wordpress\/index.php?rest_route=\/wp\/v2\/users\/1"}],"replies":[{"embeddable":true,"href":"https:\/\/i-interact.eu\/wordpress\/index.php?rest_route=%2Fwp%2Fv2%2Fcomments&post=8828"}],"version-history":[{"count":2,"href":"https:\/\/i-interact.eu\/wordpress\/index.php?rest_route=\/wp\/v2\/posts\/8828\/revisions"}],"predecessor-version":[{"id":8830,"href":"https:\/\/i-interact.eu\/wordpress\/index.php?rest_route=\/wp\/v2\/posts\/8828\/revisions\/8830"}],"wp:attachment":[{"href":"https:\/\/i-interact.eu\/wordpress\/index.php?rest_route=%2Fwp%2Fv2%2Fmedia&parent=8828"}],"wp:term":[{"taxonomy":"category","embeddable":true,"href":"https:\/\/i-interact.eu\/wordpress\/index.php?rest_route=%2Fwp%2Fv2%2Fcategories&post=8828"},{"taxonomy":"post_tag","embeddable":true,"href":"https:\/\/i-interact.eu\/wordpress\/index.php?rest_route=%2Fwp%2Fv2%2Ftags&post=8828"}],"curies":[{"name":"wp","href":"https:\/\/api.w.org\/{rel}","templated":true}]}}