{"id":8819,"date":"2020-06-09T08:50:57","date_gmt":"2020-06-09T08:50:57","guid":{"rendered":"http:\/\/i-interact.eu\/wordpress\/?p=8819"},"modified":"2020-06-09T08:50:57","modified_gmt":"2020-06-09T08:50:57","slug":"schimbarea-conversatiei","status":"publish","type":"post","link":"https:\/\/i-interact.eu\/wordpress\/?p=8819","title":{"rendered":"Schimbarea conversa\u021biei"},"content":{"rendered":"<p><a href=\"http:\/\/i-interact.eu\/wordpress\/?attachment_id=8820\" rel=\"attachment wp-att-8820\"><img loading=\"lazy\" class=\"aligncenter size-large wp-image-8820 img-fluid\" title=\"WhatsApp Image 2020-05-12 at 16.07.58\" src=\"http:\/\/i-interact.eu\/wordpress\/wp-content\/uploads\/WhatsApp-Image-2020-05-12-at-16.07.58-768x1024.jpg\" alt=\"\" width=\"768\" height=\"1024\" srcset=\"https:\/\/i-interact.eu\/wordpress\/wp-content\/uploads\/WhatsApp-Image-2020-05-12-at-16.07.58-768x1024.jpg 768w, https:\/\/i-interact.eu\/wordpress\/wp-content\/uploads\/WhatsApp-Image-2020-05-12-at-16.07.58-225x300.jpg 225w, https:\/\/i-interact.eu\/wordpress\/wp-content\/uploads\/WhatsApp-Image-2020-05-12-at-16.07.58.jpeg 1200w\" sizes=\"(max-width: 768px) 100vw, 768px\" \/><\/a><\/p>\n<p>&nbsp;<\/p>\n<p>\u2018Produsul&#8230; combate fisurile anale\u2019<\/p>\n<p>Aceasta este o reclam\u0103 pe care am auzit-o diminea\u021ba la TV. \u00cen timp ce f\u0103ceam un ceai, t\u0103iam ni\u0219te fructe pentru micul dejun, am l\u0103sat s\u0103 mearg\u0103 televizorul \u00een fundal, ca s\u0103 aud ce s-a mai \u00eent\u00e2mplat \u00een ultimele 24 de ore.<\/p>\n<p>Mai auzisem aceast\u0103 reclam\u0103 dar am trecut peste ea, a\u0219a cum, de altfel, to\u021bi trecem zilnic peste multe altele inadecvate, a\u0219 spune, unui program de \u0219tiri.<\/p>\n<p>Am fost sensibil\u0103 de aceast\u0103 dat\u0103 pentru c\u0103, \u00een urm\u0103 cu o zi, vorbisem cu o doamn\u0103 redactor la o televiziuneia copiilor \u00een Rom\u00e2nia, despre ce putem face pentru a-i preg\u0103ti c\u00e2t mai bine pentru viitor.<\/p>\n<p>Am vorbit despre ce face asocia\u021bia \u00een care s\u00eent, ce fac mul\u021bi oameni din business implica\u021bi pro bono, mul\u021bi coachi, mentori, multe ONG-uri, cum \u00eei implic\u0103m pe directori, profesori, elevi, p\u0103rin\u021bi.<\/p>\n<p>Dincolo de acestea \u00eens\u0103 cred c\u0103 este foarte relevant ce facem \u0219i \u00een diverse alte zone ale societ\u0103\u021bii. TV-ul este un exemplu. Cred c\u0103 e necesar s\u0103 modific\u0103m pe alocuri conversa\u021biile pe care le avem \u00een spa\u021biul public. Copilul preia din mediu foarte mult, mica vietate e mimetic\u0103, valorile sale s\u00eent \u00een curs de formare. Cei care genereaz\u0103 mediul ar fi de dorit s\u0103 se comporte mai responsabil. \u00cen\u021beleg c\u0103 banii s\u00eent importan\u021bi. Dar m\u0103 \u00eentreb ce tipuri de conversa\u021bii ar vrea cei de la tv s\u0103 aud\u0103 copiii lor \u00een fiecare zi?<\/p>\n<p>\u0218tiu, via\u021ba are bube, mucegaiuri \u0219i noroi. Cu siguran\u021b\u0103 fiecare le vede. Poate c\u0103 e bine s\u0103 le vad\u0103 un copil dup\u0103 ce l-am sus\u021binut s\u0103 g\u00e2ndeasca critic, s\u0103 \u00ee\u0219i dezvolte imagina\u021bia, curiozitatea, empatia, i-am s\u0103dit ni\u0219te valori. Atunci va \u0219ti singur s\u0103 scoat\u0103 frumuse\u021bi \u0219i lucruri noi din realitate.<\/p>\n<p>Weekly Inspiration scris de Georgeta Dendrino.<\/p>\n<p>#enablingchange<br \/>\n#education<\/p>\n","protected":false},"excerpt":{"rendered":"<p>&nbsp; \u2018Produsul&#8230; combate fisurile anale\u2019 Aceasta este o reclam\u0103 pe care am auzit-o diminea\u021ba la TV. \u00cen timp ce f\u0103ceam un ceai, t\u0103iam ni\u0219te fructe pentru micul dejun, am l\u0103sat s\u0103 mearg\u0103&#8230;<\/p>\n","protected":false},"author":1,"featured_media":0,"comment_status":"closed","ping_status":"closed","sticky":false,"template":"","format":"standard","meta":[],"categories":[18],"tags":[],"_links":{"self":[{"href":"https:\/\/i-interact.eu\/wordpress\/index.php?rest_route=\/wp\/v2\/posts\/8819"}],"collection":[{"href":"https:\/\/i-interact.eu\/wordpress\/index.php?rest_route=\/wp\/v2\/posts"}],"about":[{"href":"https:\/\/i-interact.eu\/wordpress\/index.php?rest_route=\/wp\/v2\/types\/post"}],"author":[{"embeddable":true,"href":"https:\/\/i-interact.eu\/wordpress\/index.php?rest_route=\/wp\/v2\/users\/1"}],"replies":[{"embeddable":true,"href":"https:\/\/i-interact.eu\/wordpress\/index.php?rest_route=%2Fwp%2Fv2%2Fcomments&post=8819"}],"version-history":[{"count":2,"href":"https:\/\/i-interact.eu\/wordpress\/index.php?rest_route=\/wp\/v2\/posts\/8819\/revisions"}],"predecessor-version":[{"id":8822,"href":"https:\/\/i-interact.eu\/wordpress\/index.php?rest_route=\/wp\/v2\/posts\/8819\/revisions\/8822"}],"wp:attachment":[{"href":"https:\/\/i-interact.eu\/wordpress\/index.php?rest_route=%2Fwp%2Fv2%2Fmedia&parent=8819"}],"wp:term":[{"taxonomy":"category","embeddable":true,"href":"https:\/\/i-interact.eu\/wordpress\/index.php?rest_route=%2Fwp%2Fv2%2Fcategories&post=8819"},{"taxonomy":"post_tag","embeddable":true,"href":"https:\/\/i-interact.eu\/wordpress\/index.php?rest_route=%2Fwp%2Fv2%2Ftags&post=8819"}],"curies":[{"name":"wp","href":"https:\/\/api.w.org\/{rel}","templated":true}]}}