{"id":8806,"date":"2020-05-19T12:58:41","date_gmt":"2020-05-19T12:58:41","guid":{"rendered":"http:\/\/i-interact.eu\/wordpress\/?p=8806"},"modified":"2020-05-19T12:58:41","modified_gmt":"2020-05-19T12:58:41","slug":"semne-bune-ziua-are","status":"publish","type":"post","link":"https:\/\/i-interact.eu\/wordpress\/?p=8806","title":{"rendered":"Semne bune ziua are"},"content":{"rendered":"<p><a href=\"http:\/\/i-interact.eu\/wordpress\/?attachment_id=8807\" rel=\"attachment wp-att-8807\"><img loading=\"lazy\" src=\"http:\/\/i-interact.eu\/wordpress\/wp-content\/uploads\/WhatsApp-Image-2020-05-12-at-16.08.00-1024x682.jpg\" alt=\"\" title=\"WhatsApp Image 2020-05-12 at 16.08.00\" width=\"1024\" height=\"682\" class=\"aligncenter size-large wp-image-8807 img-fluid\" srcset=\"https:\/\/i-interact.eu\/wordpress\/wp-content\/uploads\/WhatsApp-Image-2020-05-12-at-16.08.00-1024x682.jpg 1024w, https:\/\/i-interact.eu\/wordpress\/wp-content\/uploads\/WhatsApp-Image-2020-05-12-at-16.08.00-300x199.jpg 300w, https:\/\/i-interact.eu\/wordpress\/wp-content\/uploads\/WhatsApp-Image-2020-05-12-at-16.08.00.jpeg 1600w\" sizes=\"(max-width: 1024px) 100vw, 1024px\" \/><\/a><\/p>\n<p>\u201dDac\u0103 e\u0219ti manager de departament, \u0219eful unei firme, CEO, probabil c\u0103 nu \u021bi-a fost prea u\u0219or \u00een ultimele dou\u0103 luni. Bine, nici anul trecut nu a fost neap\u0103rat un co\u0219 cu flori. C\u00e2nd spun aceste lucruri, m\u0103 g\u00e2ndesc at\u00e2t la nivel macroeconomic, c\u00e2t \u0219i la nivel de individ, de g\u0103sire a modalit\u0103\u021bilor de motivare, energizare a oamenilor.<\/p>\n<p>Ultimele dou\u0103 luni \u00eens\u0103 au pus la \u00eencercare imagina\u021bia tuturor. A fost nevoie sa reg\u00e2ndim modul de lucru, de conectare cu oamenii, unele fluxuri, procese, s\u0103 ne ar\u0103t\u0103m \u00eencrederea c\u0103 fiecare face ce are de f\u0103cut.<br \/>\nUnii dintre noi s-au adaptat mai u\u0219or, mai repede, mai bine, pentru al\u021bii a fost \u0219i e \u00een continuare complicat.<\/p>\n<p>Deun\u0103zi am avut o surpriz\u0103 frumoas\u0103. Mi-a scris o client\u0103 \u0219i mi-a povestit despre mesajele foarte bune pe care le-a primit de la mai mul\u021bi oameni din firm\u0103.<br \/>\nAcestea au venit dup\u0103 ce ea \u00eens\u0103\u0219i a trimis un mesaj c\u0103tre to\u021bi angaja\u021bii; nu era singurul, dar acesta din urm\u0103 a fost altfel. \u00cen acel mesaj, dup\u0103 cum afirmau c\u00e2\u021biva dintre cei care i-au scris, ea a ar\u0103tat c\u0103ldur\u0103, \u00een\u021belegere, empatie \u0219i le-a dat speran\u021ba c\u0103  s\u00eent pe drumul bun \u0219i c\u0103 \u00eempreun\u0103 vor reu\u0219i. Mi-a \u00eenseninat ziua. <\/p>\n<p>C\u00e2teva lucruri mi-au venit \u00een minte:<\/p>\n<p>E un semn tare bun c\u00e2nd un CEO d\u0103 astfel de mesaje. \u00cemi amintesc de afirma\u021bia lui Napoleon: \u2018liderii s\u00eent negustori de speran\u021b\u0103\u2019. A ar\u0103ta empatie fa\u021b\u0103 de oameni acum e mult mai greu dec\u00e2t s\u0103 vorbim sau s\u0103 scriem despre aceast\u0103 no\u021biune. Iar asta e din nou ceva ce m\u0103 bucur\u0103.<\/p>\n<p>C\u00e2nd mai mul\u021bi oameni reac\u021bioneaz\u0103 pozitiv la un mesaj al CEO, mai ales c\u0103 nu interac\u021bioneaz\u0103 direct, \u00eenseamn\u0103 c\u0103 i-a atins, i-a surprins pl\u0103cut. Am un prieten \u00een alt\u0103 \u021bar\u0103 care \u00eemi poveste\u0219te cu admira\u021bie c\u0103 CEO al b\u0103ncii unde lucreaz\u0103 el le trimite mesaje des \u0219i \u00eei \u00eencurajeaz\u0103, le spune ce decizii a mai luat ca s\u0103 \u021bin\u0103 lucrurile \u00een echilibru, s\u0103 contribuie \u00een societate \u00een aceast\u0103 perioad\u0103. E o dovad\u0103 de generozitate a oamenilor s\u0103 aprecieze a\u0219a ceva. <\/p>\n<p>Am perceput aceste mesaje ca pe o raz\u0103 de lumin\u0103 \u00eentr-o lume \u00een care, timp de c\u00e2\u021biva ani, comentariile la adresa managerilor erau o vale a pl\u00e2ngerii. La vremuri noi, iat\u0103 c\u0103 pot s\u0103 apar\u0103 alte comportamente din toate p\u0103r\u021bile. \u0218tiu, ve\u021bi spune c\u0103 oamenii nu se schimb\u0103 a\u0219a u\u0219or. Adev\u0103rat, dar s\u00eent ni\u0219te semnale bune \u0219i merit\u0103 scoase \u00een eviden\u021b\u0103.<br \/>\nP\u00e2n\u0103 la urm\u0103, s\u0103 ne amintim c\u0103 dac\u0103 \u00eel trat\u0103m pe un om ca pe cea mai bun\u0103 variant\u0103 a sa, are \u0219anse s\u0103 devin\u0103 acea variant\u0103. <\/p>\n<p>O s\u0103 v\u0103 las cu o poveste care \u00eemi place mult \u0219i care arat\u0103 c\u0103 putem face fapte mici ce pot s\u0103 aib\u0103 efecte mari:<\/p>\n<p>Un om se plimba pe o plaj\u0103 pe care erau mii de stele de mare aduse de valuri. A \u00eent\u00e2lnit un b\u0103ie\u021bel care lua, pe r\u00e2nd, c\u00e2te o stea de mare \u0219i o arunca \u00eenapoi \u00een ap\u0103. L-a \u00eentrebat: \u2018Ce faci? Nu vezi c\u00e2te s\u00eent? Nu po\u021bi s\u0103 le salvezi pe toate, e \u00een zadar!\u2019<br \/>\n\u2018Nu le voi salva pe toate, poate; dar sigur o voi salva pe aceasta; \u0219i pe aceasta; \u0219i pe aceasta&#8230;\u2019<\/p>\n<p>Tu ce gesturi mici faci ca s\u0103 \u2018salvezi\u2019 metaforic c\u00e2te o stea de mare?\u201d<\/p>\n<p>Weekly Inspiration scris de Georgeta Dendrino.<\/p>\n<p>#enablingchange<br \/>\n#makingadifference<\/p>\n","protected":false},"excerpt":{"rendered":"<p>\u201dDac\u0103 e\u0219ti manager de departament, \u0219eful unei firme, CEO, probabil c\u0103 nu \u021bi-a fost prea u\u0219or \u00een ultimele dou\u0103 luni. Bine, nici anul trecut nu a fost neap\u0103rat un co\u0219 cu flori&#8230;.<\/p>\n","protected":false},"author":1,"featured_media":0,"comment_status":"closed","ping_status":"closed","sticky":false,"template":"","format":"standard","meta":[],"categories":[18],"tags":[],"_links":{"self":[{"href":"https:\/\/i-interact.eu\/wordpress\/index.php?rest_route=\/wp\/v2\/posts\/8806"}],"collection":[{"href":"https:\/\/i-interact.eu\/wordpress\/index.php?rest_route=\/wp\/v2\/posts"}],"about":[{"href":"https:\/\/i-interact.eu\/wordpress\/index.php?rest_route=\/wp\/v2\/types\/post"}],"author":[{"embeddable":true,"href":"https:\/\/i-interact.eu\/wordpress\/index.php?rest_route=\/wp\/v2\/users\/1"}],"replies":[{"embeddable":true,"href":"https:\/\/i-interact.eu\/wordpress\/index.php?rest_route=%2Fwp%2Fv2%2Fcomments&post=8806"}],"version-history":[{"count":2,"href":"https:\/\/i-interact.eu\/wordpress\/index.php?rest_route=\/wp\/v2\/posts\/8806\/revisions"}],"predecessor-version":[{"id":8809,"href":"https:\/\/i-interact.eu\/wordpress\/index.php?rest_route=\/wp\/v2\/posts\/8806\/revisions\/8809"}],"wp:attachment":[{"href":"https:\/\/i-interact.eu\/wordpress\/index.php?rest_route=%2Fwp%2Fv2%2Fmedia&parent=8806"}],"wp:term":[{"taxonomy":"category","embeddable":true,"href":"https:\/\/i-interact.eu\/wordpress\/index.php?rest_route=%2Fwp%2Fv2%2Fcategories&post=8806"},{"taxonomy":"post_tag","embeddable":true,"href":"https:\/\/i-interact.eu\/wordpress\/index.php?rest_route=%2Fwp%2Fv2%2Ftags&post=8806"}],"curies":[{"name":"wp","href":"https:\/\/api.w.org\/{rel}","templated":true}]}}