{"id":8648,"date":"2020-02-11T10:40:26","date_gmt":"2020-02-11T10:40:26","guid":{"rendered":"http:\/\/i-interact.eu\/wordpress\/?p=8648"},"modified":"2020-02-11T10:40:26","modified_gmt":"2020-02-11T10:40:26","slug":"despre-laptopuri-si-noroc","status":"publish","type":"post","link":"https:\/\/i-interact.eu\/wordpress\/?p=8648","title":{"rendered":"Despre laptopuri \u0219i noroc"},"content":{"rendered":"<p style=\"text-align: left;\"><a href=\"http:\/\/i-interact.eu\/wordpress\/?attachment_id=6508\" rel=\"attachment wp-att-6508\"><img loading=\"lazy\" class=\"size-full wp-image-6508 img-fluid\" title=\"alina-doica\" src=\"http:\/\/i-interact.eu\/wordpress\/wp-content\/uploads\/alina-doica2.png\" alt=\"\" width=\"333\" height=\"344\" srcset=\"https:\/\/i-interact.eu\/wordpress\/wp-content\/uploads\/alina-doica2.png 333w, https:\/\/i-interact.eu\/wordpress\/wp-content\/uploads\/alina-doica2-290x300.png 290w\" sizes=\"(max-width: 333px) 100vw, 333px\" \/><\/a><\/p>\n<p>\u201dS\u0103pt\u0103m\u00e2na trecut\u0103 mi-am uitat geanta cu laptopul \u00eentr-un autobuz. Era spre sear\u0103, m\u0103 \u00eentorceam acas\u0103 \u0219i vorbeam la telefon. Din reflex, am pus po\u0219eta pe um\u0103r c\u00e2nd am cobor\u00e2t \u0219i abia c\u00e2nd am ajuns \u00een fa\u021ba u\u0219ii de la intrare, vreo 10 minute mai t\u00e2rzu, mi-am dat seama c\u0103 eram prea u\u0219oar\u0103, \u00eemi lipsea ceva. Am verificat repede unde avea autobuzul cap\u0103tul de linie \u0219i, \u00eempreun\u0103 cu so\u021bul meu, am luat ma\u0219ina \u00eenspre ultima sta\u021bie, \u00een speran\u021ba c\u0103, dac\u0103 cineva observ\u0103 geanta \u0219i se hot\u0103r\u0103\u0219te s\u0103 nu o p\u0103streze, i-o va da \u0219oferului. Aveam \u0219anse s\u0103 g\u0103sim autobuzul cu pricina, traficul era destul de aglomerat \u0219i probabil fie \u00eenc\u0103 nu ajunsese la cap\u0103t, fie \u00eenc\u0103 nu plecase \u00een cursa urm\u0103toare.<\/p>\n<p>Ajun\u0219i la cap\u0103t de linie, am \u00eenceput s\u0103 \u00eentreb\u0103m din autobuz \u00een autobuz. Unul dintre \u0219oferi ne-a spus care este procedura dac\u0103 cineva las\u0103 un obiect uitat \u00een autobuz: \u0219oferul are obliga\u021bia s\u0103 \u00eel pun\u0103 \u00een geam, \u00een caz c\u0103 \u00eel recunoa\u0219te cineva, apoi \u00eel pred\u0103 controlorului de trafic de la cap\u0103tul liniei. Un altul abia s-a ab\u021binut s\u0103 r\u00e2d\u0103, \u00een fa\u021ba naivit\u0103\u021bii mele: \u201dCine s\u0103-l dea \u00eenapoi, doamn\u0103?\u201d. Dar a \u00eencercat \u0219i el s\u0103 ne ajute, cu un sfat: ce este de f\u0103cut \u00een caz c\u0103 m\u0103 hot\u0103ram s\u0103 depun o sesizare la Poli\u021bie. Au trecut a\u0219a c\u00e2teva minute de c\u0103utare \u00eenfrigurat\u0103 \u0219i, pe c\u00e2nd ne preg\u0103team s\u0103 o abord\u0103m pe doamna din ghereta controlorilor, a ap\u0103rut un \u0219ofer cu geanta mea \u00een m\u00e2n\u0103: \u201dE a dumneavoastr\u0103?\u201d Apucase s\u0103 aud\u0103 povestea de la un coleg. Am \u00eencercat s\u0103 \u00eel g\u0103sesc pe cel sceptic, s\u0103 \u00eei redau \u00eencrederea c\u0103 binili \u00eenvinge, dup\u0103 cum spune o campanie celebr\u0103, dar plecase deja.<\/p>\n<p>Pe drumul spre cas\u0103, cu sufletul \u00eenot\u00e2nd \u00eentr-o mare de u\u0219urare \u0219i recuno\u0219tin\u021b\u0103 pentru generosul anonim care m\u0103 scutise de plata unei sume deloc neglijabile \u0219i de o gr\u0103mad\u0103 de b\u0103t\u0103i de cap, m-am g\u00e2ndit la dou\u0103 lucruri. C\u00e2t de mult din via\u021ba noastr\u0103, public\u0103 \u0219i privat\u0103, \u00eencapsul\u0103m \u00een aceste obiecte \u2013 telefon, laptop \u2013 astfel \u00eenc\u00e2t dispari\u021bia lor neprev\u0103zut\u0103 urc\u0103 la rang de mic\u0103 tragedie! Este de \u00een\u021beles, p\u00e2n\u0103 la un punct \u0219i eu chiar am fost foarte norocoas\u0103, a\u0219\u0103 c\u0103 poate a\u0219 fi g\u00e2ndit diferit dac\u0103 deznod\u0103m\u00e2ntul era altul. Dar a fost o bun\u0103 ocazie s\u0103-mi amintesc c\u0103 starea de bine pe termen lung nu depinde de lucruri, oric\u00e2t de valoroase ar fi ele.<\/p>\n<p>Am observat o zical\u0103 ce circul\u0103 pe re\u021belele sociale, referitoare la starea na\u021biunii: \u201dnu ne mai facem bine\u201d. Pe mine personal m\u0103 revolt\u0103 defetismul ei f\u0103\u021bi\u0219. Adic\u0103 \u00eentr-at\u00e2t de lipsi\u021bi de speran\u021b\u0103 s\u0103 fim? \u00cent\u00e2mplarea mea pare s\u0103 arate, \u00een felul ei m\u0103runt, c\u0103 avem \u0219anse s\u0103 ne facem bine \u0219i c\u0103 genul acesta de generaliz\u0103ri nu ajut\u0103 pe nimeni.\u201d<\/p>\n<p>Weekly Inspiration scris de Alina Doica.<\/p>\n<p>#enablingchange<br \/>\n#gettingbetter<\/p>\n","protected":false},"excerpt":{"rendered":"<p>\u201dS\u0103pt\u0103m\u00e2na trecut\u0103 mi-am uitat geanta cu laptopul \u00eentr-un autobuz. Era spre sear\u0103, m\u0103 \u00eentorceam acas\u0103 \u0219i vorbeam la telefon. Din reflex, am pus po\u0219eta pe um\u0103r c\u00e2nd am cobor\u00e2t \u0219i abia c\u00e2nd&#8230;<\/p>\n","protected":false},"author":1,"featured_media":0,"comment_status":"closed","ping_status":"closed","sticky":false,"template":"","format":"standard","meta":[],"categories":[18],"tags":[],"_links":{"self":[{"href":"https:\/\/i-interact.eu\/wordpress\/index.php?rest_route=\/wp\/v2\/posts\/8648"}],"collection":[{"href":"https:\/\/i-interact.eu\/wordpress\/index.php?rest_route=\/wp\/v2\/posts"}],"about":[{"href":"https:\/\/i-interact.eu\/wordpress\/index.php?rest_route=\/wp\/v2\/types\/post"}],"author":[{"embeddable":true,"href":"https:\/\/i-interact.eu\/wordpress\/index.php?rest_route=\/wp\/v2\/users\/1"}],"replies":[{"embeddable":true,"href":"https:\/\/i-interact.eu\/wordpress\/index.php?rest_route=%2Fwp%2Fv2%2Fcomments&post=8648"}],"version-history":[{"count":5,"href":"https:\/\/i-interact.eu\/wordpress\/index.php?rest_route=\/wp\/v2\/posts\/8648\/revisions"}],"predecessor-version":[{"id":8653,"href":"https:\/\/i-interact.eu\/wordpress\/index.php?rest_route=\/wp\/v2\/posts\/8648\/revisions\/8653"}],"wp:attachment":[{"href":"https:\/\/i-interact.eu\/wordpress\/index.php?rest_route=%2Fwp%2Fv2%2Fmedia&parent=8648"}],"wp:term":[{"taxonomy":"category","embeddable":true,"href":"https:\/\/i-interact.eu\/wordpress\/index.php?rest_route=%2Fwp%2Fv2%2Fcategories&post=8648"},{"taxonomy":"post_tag","embeddable":true,"href":"https:\/\/i-interact.eu\/wordpress\/index.php?rest_route=%2Fwp%2Fv2%2Ftags&post=8648"}],"curies":[{"name":"wp","href":"https:\/\/api.w.org\/{rel}","templated":true}]}}