{"id":8456,"date":"2019-12-04T08:07:20","date_gmt":"2019-12-04T08:07:20","guid":{"rendered":"http:\/\/i-interact.eu\/wordpress\/?p=8456"},"modified":"2019-12-04T08:07:20","modified_gmt":"2019-12-04T08:07:20","slug":"cata-responsabilitate-vrei-sa-vezi-in-jur","status":"publish","type":"post","link":"https:\/\/i-interact.eu\/wordpress\/?p=8456","title":{"rendered":"C\u00e2t\u0103 responsabilitate vrei s\u0103 vezi \u00een jur?"},"content":{"rendered":"<p><a href=\"http:\/\/i-interact.eu\/wordpress\/?attachment_id=8457\" rel=\"attachment wp-att-8457\"><img loading=\"lazy\" class=\"aligncenter size-large wp-image-8457 img-fluid\" title=\"georgeta dendrino\" src=\"http:\/\/i-interact.eu\/wordpress\/wp-content\/uploads\/georgeta-dendrino-1024x682.jpg\" alt=\"\" width=\"1024\" height=\"682\" srcset=\"https:\/\/i-interact.eu\/wordpress\/wp-content\/uploads\/georgeta-dendrino-1024x682.jpg 1024w, https:\/\/i-interact.eu\/wordpress\/wp-content\/uploads\/georgeta-dendrino-300x200.jpg 300w, https:\/\/i-interact.eu\/wordpress\/wp-content\/uploads\/georgeta-dendrino.jpeg 1200w\" sizes=\"(max-width: 1024px) 100vw, 1024px\" \/><\/a><\/p>\n<p>Cu siguran\u021b\u0103, c\u00e2nd citi\u021bi acest titlu, spune\u021bi: \u2018Mai las\u0103-ne cu responsabilitatea, iar?\u2019 Cu siguran\u021b\u0103 nu mai vre\u021bi s\u0103 auzi\u021bi c\u0103 iar trebuie s\u0103 facem ceva.<\/p>\n<p>G\u00e2ndi\u021bi-v\u0103 \u00eens\u0103 la aceste situa\u021bii:<\/p>\n<p>A\u021bi vrea ca instalatorul pe care \u00eel chema\u021bi c\u00e2nd vi se stric\u0103 ceva s\u0103 fac\u0103 lucrurile \u2018cum trebuie\u2019, astfel \u00eenc\u00e2t s\u0103 nu se strice dup\u0103 c\u00e2teva zile \/ luni?<br \/>\nA\u021bi vrea ca asistenta \/ asistentul s\u0103 fac\u0103 un document f\u0103r\u0103 gre\u0219eli, astfel \u00eenc\u00e2t s\u0103 nu fie nevoie s\u0103 \u00eel corecta\u021bi?<br \/>\nV-a\u021bi dori ca oamenii s\u0103 v\u0103 r\u0103spund\u0103 la emails, s\u0103 v\u0103 \u00eentoarc\u0103 telefoanele, f\u0103r\u0103 s\u0103 uite de fiecare dat\u0103 \u0219i f\u0103r\u0103 s\u0103 le reaminti\u021bi mereu?<br \/>\nV-ar pl\u0103cea ca profesorii copiilor s\u0103 se poarte cu copiii vo\u0219tri la fel de bine cum ar vrea s\u0103 se poarte al\u021bi profesori cu copiii lor?<br \/>\nA\u021bi vrea ca, atunci c\u00e2nd v\u0103 cump\u0103ra\u021bi o rochie, un costum, s\u0103 nu se rup\u0103 nasturii dup\u0103 dou\u0103 purtari, s\u0103 nu se descoas\u0103 tivul sau alte incheituri, \u00een primele s\u0103pt\u0103m\u00e2ni?<br \/>\nV-ar pl\u0103cea ca, atunci c\u00e2nd un prieten promite ceva, s\u0103 se \u021bin\u0103 de cuv\u00e2nt?<br \/>\nAr fi bine ca, atunci c\u00e2nd ai \u00eent\u00e2lnire cu cineva, aceast\u0103 persoan\u0103 s\u0103 nu \u00eent\u00e2rzie de fiecare dat\u0103 c\u00e2te o jum\u0103tate de or\u0103?<br \/>\nAr fi bine ca, \u00eentr-un proiect, oamenii cu care lucra\u021bi la un proiect, s\u0103 nu v\u0103 lase, cum se spune, \u2018cu fundul \u00een balt\u0103\u2019 pentru c\u0103 nu mai au chef?<br \/>\nV-ar sur\u00e2de ca, atunci c\u00e2nd stabil\u021bi c\u0103 face\u021bi ni\u0219te lucruri \u00eentr-o echip\u0103, fiecare s\u0103 fac\u0103 ce a zis c\u0103 face, p\u00e2n\u0103 la cap\u0103t, f\u0103r\u0103 s\u0103 fie nevoie s\u0103 \u00eei reaminti\u021bi de o sut\u0103 de ori \u0219i f\u0103r\u0103 s\u0103 dea ochii peste cap de fiecare dat\u0103?<br \/>\nV\u0103 pute\u021bi imagina o lume \u00een care nimeni nu arunc\u0103 gunoiul pe geam pentru c\u0103 \u0219tie c\u0103 trebuie s\u0103 aib\u0103 grij\u0103 de acel mediu?<\/p>\n<p>Toate acestea, \u0219i multe altele, \u00eenseamn\u0103 responsabilitate. \u00censeamn\u0103 s\u0103 ne asuman c\u0103 nu s\u00eentem pe aici, pe p\u0103m\u00e2nt, doar c\u0103 s\u0103 \u00eei facem umbr\u0103 \u0219i s\u0103 ne g\u00e2ndim la noi \u00een\u0219ine, ci ca s\u0103 avem grij\u0103 ca pe unde trecem, s\u0103 l\u0103s\u0103m ceva bun \u00een urm\u0103.<\/p>\n<p>Prin urmare, a\u0219 propune ca, dac\u0103 vrem s\u0103 vedem \u00een jur responsabilitate, s\u0103 \u00eencepem prin a o demonstra noi \u00een\u0219ine, \u00een fiecare zi, pu\u021bin mai mult dec\u00e2t o facem deja.<\/p>\n<p>Weekly Inspiration scris de Georgeta Dendrino.<\/p>\n","protected":false},"excerpt":{"rendered":"<p>Cu siguran\u021b\u0103, c\u00e2nd citi\u021bi acest titlu, spune\u021bi: \u2018Mai las\u0103-ne cu responsabilitatea, iar?\u2019 Cu siguran\u021b\u0103 nu mai vre\u021bi s\u0103 auzi\u021bi c\u0103 iar trebuie s\u0103 facem ceva. G\u00e2ndi\u021bi-v\u0103 \u00eens\u0103 la aceste situa\u021bii: A\u021bi vrea&#8230;<\/p>\n","protected":false},"author":1,"featured_media":0,"comment_status":"closed","ping_status":"closed","sticky":false,"template":"","format":"standard","meta":[],"categories":[18],"tags":[],"_links":{"self":[{"href":"https:\/\/i-interact.eu\/wordpress\/index.php?rest_route=\/wp\/v2\/posts\/8456"}],"collection":[{"href":"https:\/\/i-interact.eu\/wordpress\/index.php?rest_route=\/wp\/v2\/posts"}],"about":[{"href":"https:\/\/i-interact.eu\/wordpress\/index.php?rest_route=\/wp\/v2\/types\/post"}],"author":[{"embeddable":true,"href":"https:\/\/i-interact.eu\/wordpress\/index.php?rest_route=\/wp\/v2\/users\/1"}],"replies":[{"embeddable":true,"href":"https:\/\/i-interact.eu\/wordpress\/index.php?rest_route=%2Fwp%2Fv2%2Fcomments&post=8456"}],"version-history":[{"count":2,"href":"https:\/\/i-interact.eu\/wordpress\/index.php?rest_route=\/wp\/v2\/posts\/8456\/revisions"}],"predecessor-version":[{"id":8459,"href":"https:\/\/i-interact.eu\/wordpress\/index.php?rest_route=\/wp\/v2\/posts\/8456\/revisions\/8459"}],"wp:attachment":[{"href":"https:\/\/i-interact.eu\/wordpress\/index.php?rest_route=%2Fwp%2Fv2%2Fmedia&parent=8456"}],"wp:term":[{"taxonomy":"category","embeddable":true,"href":"https:\/\/i-interact.eu\/wordpress\/index.php?rest_route=%2Fwp%2Fv2%2Fcategories&post=8456"},{"taxonomy":"post_tag","embeddable":true,"href":"https:\/\/i-interact.eu\/wordpress\/index.php?rest_route=%2Fwp%2Fv2%2Ftags&post=8456"}],"curies":[{"name":"wp","href":"https:\/\/api.w.org\/{rel}","templated":true}]}}