{"id":6593,"date":"2018-07-09T11:09:08","date_gmt":"2018-07-09T11:09:08","guid":{"rendered":"http:\/\/i-interact.eu\/wordpress\/?p=6593"},"modified":"2018-07-09T11:09:44","modified_gmt":"2018-07-09T11:09:44","slug":"%e2%80%9cnu-ma-mai-regasesc%e2%80%9d%e2%80%a6","status":"publish","type":"post","link":"https:\/\/i-interact.eu\/wordpress\/?p=6593","title":{"rendered":"\u201cNu m\u0103 mai reg\u0103sesc\u201d\u2026"},"content":{"rendered":"<p style=\"text-align: center;\"><a href=\"http:\/\/i-interact.eu\/wordpress\/?attachment_id=5582\" rel=\"attachment wp-att-5582\"><img loading=\"lazy\" class=\"size-full wp-image-5582 aligncenter img-fluid\" title=\"georgeta_dendrino_i-interact_-9_good\" src=\"http:\/\/i-interact.eu\/wordpress\/wp-content\/uploads\/georgeta_dendrino_i-interact_-9_good.jpg\" alt=\"\" width=\"126\" height=\"189\" srcset=\"https:\/\/i-interact.eu\/wordpress\/wp-content\/uploads\/georgeta_dendrino_i-interact_-9_good.jpg 500w, https:\/\/i-interact.eu\/wordpress\/wp-content\/uploads\/georgeta_dendrino_i-interact_-9_good-200x300.jpg 200w\" sizes=\"(max-width: 126px) 100vw, 126px\" \/><\/a>\u2026 Am auzit mul\u021bi oameni spun\u00e2nd asta. P\u00e2n\u0103 de cur\u00e2nd, o auzeam la oameni trecu\u021bi de 40 de ani \u2013 oameni care au lucrat mai mul\u021bi ani \u00een firme mari, s-au dezvoltat \u0219i au ajuns \u00eentr-o faz\u0103 de \u201ecriz\u0103 existen\u021bial\u0103\u201d. Este \u00een firea lucrurilor ca, din c\u00e2nd \u00een c\u00e2nd, s\u0103 punem sub semnul \u00eentreb\u0103rii cursul vie\u021bii noastre, pentru c\u0103 avem c\u00e2teva anxiet\u0103\u021bi fundamentale. Acestea sunt legate de sensul vie\u021bii \u0219i de nevoia de a \u0219ti c\u0103 la\u0219i ceva \u00een urm\u0103; de singur\u0103tate \u0219i de nevoia de conexiune cu ceilal\u021bi, de libertate \u0219i de nevoia de a fi st\u0103p\u00e2ni pe propriul destin, antreprenori, de a avea independen\u021b\u0103.<\/p>\n<p>Dar de ceva vreme, \u00eencep s\u0103 aud tot mai des acest \u201enu m\u0103 mai reg\u0103sesc\u201d \u0219i la oameni de treizeci \u0219i ceva de ani. \u0218i m\u0103 \u00eentreb care sunt cauzele.<\/p>\n<p>Poate c\u0103 ajung mai repede la acea criz\u0103 existen\u021bial\u0103, poate c\u0103 s-au transformat mai multe \u00een corpul nostru, influen\u021b\u00e2ndu-ne felul \u00een care g\u00e2ndim \u0219i sim\u021bim (de exemplu, o prieten\u0103 medic \u00eemi spunea c\u0103 au loc schimb\u0103ri hormonale mari la femei, iar acestea le afecteaz\u0103 deciziile de a \u00eencepe via\u021ba sexual\u0103, de a avea copii sau v\u00e2rsta la care se instaleaz\u0103 menopauza etc.).<\/p>\n<p>Poate c\u0103 viteza cu care se schimb\u0103 unele lucruri \u00een jur ne face s\u0103 nu mai avem r\u0103bdare cu noi \u0219i cu timpul nostru.<\/p>\n<p>Poate c\u0103 presiunea pe care schimb\u0103rile din jur o pun asupra companiilor face ca managementul acestora s\u0103 cear\u0103 mai multe de la oameni; gradul de \u00eenc\u0103rcare la serviciu a devenit at\u00e2t de mare, orele lucrate at\u00e2t de multe, \u00eenc\u00e2t oamenii ajung repede s\u0103 \u201eard\u0103 la dou\u0103 capete\u201d, s\u0103 ajung\u0103 repede \u00een \u201eburn out\u201d.<\/p>\n<p>Sigur, exist\u0103 \u0219i oameni care vor s\u0103 fac\u0103 pu\u021bin \u0219i s\u0103 primeasc\u0103 mult, dar cred \u0219i sper c\u0103 situa\u021biile de genul acesta sunt mai degrab\u0103 izolate.<\/p>\n<p>Articol scris de: Georgeta Dendrino, Managing Director Interact<\/p>\n<p><em>Pute\u021bi citi articolul complet <a href=\"https:\/\/www.managerexpress.ro\/editorial\/nu-ma-mai-regasesc.html\">aici<\/a>.<\/em><\/p>\n","protected":false},"excerpt":{"rendered":"<p>\u2026 Am auzit mul\u021bi oameni spun\u00e2nd asta. P\u00e2n\u0103 de cur\u00e2nd, o auzeam la oameni trecu\u021bi de 40 de ani \u2013 oameni care au lucrat mai mul\u021bi ani \u00een firme mari, s-au dezvoltat&#8230;<\/p>\n","protected":false},"author":1,"featured_media":0,"comment_status":"closed","ping_status":"closed","sticky":false,"template":"","format":"standard","meta":[],"categories":[18],"tags":[],"_links":{"self":[{"href":"https:\/\/i-interact.eu\/wordpress\/index.php?rest_route=\/wp\/v2\/posts\/6593"}],"collection":[{"href":"https:\/\/i-interact.eu\/wordpress\/index.php?rest_route=\/wp\/v2\/posts"}],"about":[{"href":"https:\/\/i-interact.eu\/wordpress\/index.php?rest_route=\/wp\/v2\/types\/post"}],"author":[{"embeddable":true,"href":"https:\/\/i-interact.eu\/wordpress\/index.php?rest_route=\/wp\/v2\/users\/1"}],"replies":[{"embeddable":true,"href":"https:\/\/i-interact.eu\/wordpress\/index.php?rest_route=%2Fwp%2Fv2%2Fcomments&post=6593"}],"version-history":[{"count":15,"href":"https:\/\/i-interact.eu\/wordpress\/index.php?rest_route=\/wp\/v2\/posts\/6593\/revisions"}],"predecessor-version":[{"id":6608,"href":"https:\/\/i-interact.eu\/wordpress\/index.php?rest_route=\/wp\/v2\/posts\/6593\/revisions\/6608"}],"wp:attachment":[{"href":"https:\/\/i-interact.eu\/wordpress\/index.php?rest_route=%2Fwp%2Fv2%2Fmedia&parent=6593"}],"wp:term":[{"taxonomy":"category","embeddable":true,"href":"https:\/\/i-interact.eu\/wordpress\/index.php?rest_route=%2Fwp%2Fv2%2Fcategories&post=6593"},{"taxonomy":"post_tag","embeddable":true,"href":"https:\/\/i-interact.eu\/wordpress\/index.php?rest_route=%2Fwp%2Fv2%2Ftags&post=6593"}],"curies":[{"name":"wp","href":"https:\/\/api.w.org\/{rel}","templated":true}]}}