{"id":5856,"date":"2018-01-16T11:20:50","date_gmt":"2018-01-16T11:20:50","guid":{"rendered":"http:\/\/i-interact.eu\/wordpress\/?p=5856"},"modified":"2018-01-16T11:20:50","modified_gmt":"2018-01-16T11:20:50","slug":"despre-coaching-incredere-si-stima-de-sine-dilema-veche-decembrie-2017","status":"publish","type":"post","link":"https:\/\/i-interact.eu\/wordpress\/?p=5856","title":{"rendered":"Despre coaching, \u00eencredere \u015fi stim\u0103 de sine &#8211; Dilema Veche, decembrie 2017"},"content":{"rendered":"<p style=\"text-align: left;\"><em>Conduce\u021bi una dintre cele mai importante companii de <\/em>coaching<em> pentru mediul de afaceri din Rom\u00e2nia. Care este, de fapt, rolul acestei companii?<\/em><\/p>\n<p>Interact este pe pia\u021b\u0103 din 1997 \u0219i a\u0219 putea spune c\u0103 e o firm\u0103 care a crescut odat\u0103 cu clien\u021bii s\u0103i. Ne-am dezvoltat foarte mult, ne-am extins \u00een special \u00een ultimii 12 ani. Misiunea noastr\u0103 este s\u0103 facilit\u0103m schimbarea pentru a face o diferen\u021b\u0103 \u00een jurul nostru (mi se pare c\u0103 sun\u0103 \u00eentr-un fel bizar \u00een limba rom\u00e2n\u0103; \u00een englez\u0103 ar fi: <em>\u201eEnabling change to make a difference\u201c).<\/em> Vrem s\u0103 sprijinim dezvoltarea personal\u0103 \u0219i profesional\u0103 a clien\u021bilor no\u0219tri, oameni din diverse companii. De\u00a0a lungul anilor, \u00eens\u0103, am avut proiecte \u0219i cu licee din Bucure\u0219ti, cu facult\u0103\u021bi \u2013 scopul fiind acela de a preg\u0103ti genera\u021biile noi pentru momentul c\u00eend urmeaz\u0103 s\u0103 lucreze, de a-i ajuta s\u0103 fie mai buni, mai performan\u021bi. De multe ori am spus chiar \u00een propria firm\u0103 c\u0103 \u00eemi doresc ca oamenii care lucreaz\u0103 aici s\u0103 fie preg\u0103ti\u021bi permanent, astfel \u00eenc\u00eet, dac\u0103 vreodat\u0103 se \u00eent\u00eempl\u0103 ceva sau vor s\u0103 fac\u0103 altceva, s\u0103 \u00ee\u0219i g\u0103seasc\u0103 un job cel pu\u021bin la fel de bun ca acela de acum.<\/p>\n<p>&#8230;<\/p>\n<p><a href=\"http:\/\/i-interact.eu\/wordpress\/wp-content\/uploads\/georgeta-dendrino-i-interact-12.jpg\"><img loading=\"lazy\" class=\"aligncenter size-full wp-image-5858 img-fluid\" title=\"georgeta-dendrino-i-interact-12\" src=\"http:\/\/i-interact.eu\/wordpress\/wp-content\/uploads\/georgeta-dendrino-i-interact-12.jpg\" alt=\"\" width=\"351\" height=\"300\" srcset=\"https:\/\/i-interact.eu\/wordpress\/wp-content\/uploads\/georgeta-dendrino-i-interact-12.jpg 600w, https:\/\/i-interact.eu\/wordpress\/wp-content\/uploads\/georgeta-dendrino-i-interact-12-300x257.jpg 300w\" sizes=\"(max-width: 351px) 100vw, 351px\" \/><\/a><\/p>\n<p><em>S\u00eente\u021bi o femeie de afaceri de succes. Cum sta\u021bi cu stima de sine? \u0218i, \u00een general, cum s\u00eent v\u0103zute femeile \u00een mediul de afaceri \u00een Rom\u00e2nia? <\/em><\/p>\n<p>Stima mea de sine? P\u00een\u0103 la urm\u0103, nevoia de a fi mai bun\u0103 \u00een fiecare zi, de a face o diferen\u021b\u0103, nemul\u021bumirea permanent\u0103 fa\u021b\u0103 de ce am f\u0103cut p\u00een\u0103 acum, dorin\u021ba de a continua o transformare \u2212 toate acestea arat\u0103 c\u0103 am o stim\u0103 de sine \u201e\u00een construc\u021bie\u201c. E ca drumurile din aceast\u0103 \u021bar\u0103, mereu \u00een repara\u021bie. Am \u00eenv\u0103\u021bat s\u0103 v\u0103d \u0219i partea bun\u0103 a lucrurilor: aceast\u0103 stim\u0103 de sine mai degrab\u0103 redus\u0103 m-a f\u0103cut s\u0103 m\u0103 zbat mereu. Cred c\u0103 to\u021bi avem nevoie de un <em>feedback,<\/em> avem nevoie s\u0103 \u0219tim c\u0103 facem unele lucruri bine. \u00cen Rom\u00e2nia, oamenii dau rar <em>feedback<\/em> pozitiv (\u00eencep\u00eend cu p\u0103rin\u021bii c\u0103rora le e team\u0103 c\u0103 ne-o lu\u0103m \u00een cap, continu\u00eend cu \u0219coala \u2212 apropo, am auzit recent un profesor spun\u00eend c\u0103 8 e nota maxima la el, 10 e doar pentru Eminescu \u2212 \u0219i apoi cu colegii, clien\u021bii, prietenii). C\u00eend e ultima oar\u0103 c\u00eend a\u021bi spus cuiva felicit\u0103ri, mul\u021bumesc, apreciez ceva la tine, \u00ee\u021bi st\u0103 bine, ar\u0103\u021bi bine etc.?<\/p>\n<p><a href=\"http:\/\/dilemaveche.ro\/sectiune\/tema-saptamanii\/articol\/despre-coaching-incredere-si-stima-de-sine\"><strong>Citeste mai departe.<\/strong><\/a><\/p>\n<p><em>Un interviu cu Georgeta Dendrino, Managing Director &#8211; Interact<\/em><\/p>\n","protected":false},"excerpt":{"rendered":"<p>Conduce\u021bi una dintre cele mai importante companii de coaching pentru mediul de afaceri din Rom\u00e2nia. Care este, de fapt, rolul acestei companii? Interact este pe pia\u021b\u0103 din 1997 \u0219i a\u0219 putea spune&#8230;<\/p>\n","protected":false},"author":1,"featured_media":0,"comment_status":"closed","ping_status":"closed","sticky":false,"template":"","format":"standard","meta":[],"categories":[23],"tags":[],"_links":{"self":[{"href":"https:\/\/i-interact.eu\/wordpress\/index.php?rest_route=\/wp\/v2\/posts\/5856"}],"collection":[{"href":"https:\/\/i-interact.eu\/wordpress\/index.php?rest_route=\/wp\/v2\/posts"}],"about":[{"href":"https:\/\/i-interact.eu\/wordpress\/index.php?rest_route=\/wp\/v2\/types\/post"}],"author":[{"embeddable":true,"href":"https:\/\/i-interact.eu\/wordpress\/index.php?rest_route=\/wp\/v2\/users\/1"}],"replies":[{"embeddable":true,"href":"https:\/\/i-interact.eu\/wordpress\/index.php?rest_route=%2Fwp%2Fv2%2Fcomments&post=5856"}],"version-history":[{"count":1,"href":"https:\/\/i-interact.eu\/wordpress\/index.php?rest_route=\/wp\/v2\/posts\/5856\/revisions"}],"predecessor-version":[{"id":5859,"href":"https:\/\/i-interact.eu\/wordpress\/index.php?rest_route=\/wp\/v2\/posts\/5856\/revisions\/5859"}],"wp:attachment":[{"href":"https:\/\/i-interact.eu\/wordpress\/index.php?rest_route=%2Fwp%2Fv2%2Fmedia&parent=5856"}],"wp:term":[{"taxonomy":"category","embeddable":true,"href":"https:\/\/i-interact.eu\/wordpress\/index.php?rest_route=%2Fwp%2Fv2%2Fcategories&post=5856"},{"taxonomy":"post_tag","embeddable":true,"href":"https:\/\/i-interact.eu\/wordpress\/index.php?rest_route=%2Fwp%2Fv2%2Ftags&post=5856"}],"curies":[{"name":"wp","href":"https:\/\/api.w.org\/{rel}","templated":true}]}}