{"id":5580,"date":"2017-10-20T07:14:28","date_gmt":"2017-10-20T07:14:28","guid":{"rendered":"http:\/\/i-interact.eu\/wordpress\/?p=5580"},"modified":"2017-10-20T07:29:19","modified_gmt":"2017-10-20T07:29:19","slug":"ce-invata-top-managerii-intr-o-calatorie-initiatica-cariere-octombrie-2017","status":"publish","type":"post","link":"https:\/\/i-interact.eu\/wordpress\/?p=5580","title":{"rendered":"Ce \u00eenva\u021b\u0103 top managerii \u00eentr-o c\u0103l\u0103torie ini\u021biatic\u0103?, Cariereonline &#8211; octombrie 2017"},"content":{"rendered":"<p id=\"stcpDiv\" style=\"text-align: justify;\">O echip\u0103 format\u0103 din manageri de top particip\u0103, la finalul lunii august, la prima edi\u021bie a programului Journey to Your Inner Self, organizat de compania Interact. Ei vor merge pentru trei zile la Delphi, unde nu vor chestiona oracolul despre viitorul lor, ci vor fi provoca\u021bi s\u0103 afle singuri ce pot face pentru a performa \u00een business. Pe parcurs, facilitatorii procesului sunt Georgeta Dendrino \u015fi doi colegi de-ai s\u0103i de la Interact.<\/p>\n<p style=\"text-align: justify;\">&#8230;<\/p>\n<div>\n<div id=\"stcpDiv\">\n<p style=\"text-align: justify;\">Abilitatea de a lucra \u0219i de a gestiona oameni din diverse culturi, capacitatea de adaptare rapid\u0103 la diverse cerin\u021be ale businessului, de a fi \u00een pas cu tendin\u021bele impuse de progresul tehnologic \u0219i cerin\u021bele mereu diferite ale pie\u021bei, de a gestiona diverse genera\u021bii, inclusiv una de oameni foarte tineri care nu au r\u0103bdare \u0219i pot pleca repede sau se pot r\u0103zg\u00e2ndi \u2013 toate acestea cer lideri cu diverse calit\u0103\u021bi \u0219i personalit\u0103\u021bi. Lideri flexibili, care se pot adapta u\u0219or.<\/p>\n<p style=\"text-align: justify;\">Aceste tendin\u021be la nivel global, dar care exist\u0103 \u0219i \u00een Rom\u00e2nia, precum \u0219i alte considerente au determinat managementul companiei Interact s\u0103 g\u00e2ndeasc\u0103 un program pentru top manageri, care s\u0103 \u00eei ajute \u00een noul context de business.<\/p>\n<\/div>\n<div><a href=\"http:\/\/i-interact.eu\/wordpress\/wp-content\/uploads\/georgeta_dendrino_i-interact_-9_good.jpg\"><img loading=\"lazy\" class=\"aligncenter size-full wp-image-5582 img-fluid\" title=\"georgeta_dendrino_i-interact_-9_good\" src=\"http:\/\/i-interact.eu\/wordpress\/wp-content\/uploads\/georgeta_dendrino_i-interact_-9_good.jpg\" alt=\"\" width=\"300\" height=\"450\" srcset=\"https:\/\/i-interact.eu\/wordpress\/wp-content\/uploads\/georgeta_dendrino_i-interact_-9_good.jpg 500w, https:\/\/i-interact.eu\/wordpress\/wp-content\/uploads\/georgeta_dendrino_i-interact_-9_good-200x300.jpg 200w\" sizes=\"(max-width: 300px) 100vw, 300px\" \/><\/a><\/div>\n<div>\n<div style=\"text-align: justify;\">\n<p>\u201eAm auzit foarte des clien\u021bi din resurse umane care spuneau c\u0103 vor altceva, programe diferite, diferen\u021biatoare. Cu c\u00e2t oamenii din business au mai mult\u0103 experien\u021b\u0103, cu c\u00e2t sunt mai sus \u00een organiza\u021bii, cu at\u00e2t au fost expu\u0219i la mai multe programe de \u00eenv\u0103\u021bare, de dezvoltare. Nu e tocmai u\u0219or s\u0103 mai po\u021bi \u021bine un om din top management \u00eentr-un curs de dou\u0103 zile \u00een clas\u0103\u201d, spune Georgeta Dendrino, Managing Director Interact.<\/p>\n<p>Astfel, ea \u00eempreun\u0103 cu echipa au planificat un proiect care const\u0103 \u00eentr-o c\u0103l\u0103torie ini\u021biatic\u0103 la Delphi. De ce Delphi? Este o metafora, de fapt. Oracolul din Delphi avea scris pe frontispiciu: Cunoa\u0219te-te pe tine \u00eensu\u021bi!<\/p>\n<p>&#8230;<\/p>\n<p>\u201eVrem s\u0103 ajut\u0103m la o abordare global\u0103 a afacerii, vrem ca oamenii s\u0103 fie \u00een m\u0103sur\u0103 s\u0103 \u00een\u021beleag\u0103 toate func\u021biunile unui business, chiar \u0219i \u00eentr-un mediu \u00abin vitro\u00bb pentru \u00eenceput\u201d, spune Georgeta Dendrino.<\/p>\n<\/div>\n<div>\n<p><a href=\"https:\/\/www.cariereonline.ro\/leadership\/management\/ce-invata-top-managerii-intr-o-calatorie-initiatica\"><strong>Citeste mai departe.<\/strong><\/a><\/p>\n<p><em>Un articol de:\u00a0Georgeta Dendrino, Managing Director &#8211; Interact<\/em><\/p>\n<\/div>\n<\/div>\n<\/div>\n","protected":false},"excerpt":{"rendered":"<p>O echip\u0103 format\u0103 din manageri de top particip\u0103, la finalul lunii august, la prima edi\u021bie a programului Journey to Your Inner Self, organizat de compania Interact. Ei vor merge pentru trei zile&#8230;<\/p>\n","protected":false},"author":1,"featured_media":0,"comment_status":"closed","ping_status":"closed","sticky":false,"template":"","format":"standard","meta":[],"categories":[18],"tags":[],"_links":{"self":[{"href":"https:\/\/i-interact.eu\/wordpress\/index.php?rest_route=\/wp\/v2\/posts\/5580"}],"collection":[{"href":"https:\/\/i-interact.eu\/wordpress\/index.php?rest_route=\/wp\/v2\/posts"}],"about":[{"href":"https:\/\/i-interact.eu\/wordpress\/index.php?rest_route=\/wp\/v2\/types\/post"}],"author":[{"embeddable":true,"href":"https:\/\/i-interact.eu\/wordpress\/index.php?rest_route=\/wp\/v2\/users\/1"}],"replies":[{"embeddable":true,"href":"https:\/\/i-interact.eu\/wordpress\/index.php?rest_route=%2Fwp%2Fv2%2Fcomments&post=5580"}],"version-history":[{"count":8,"href":"https:\/\/i-interact.eu\/wordpress\/index.php?rest_route=\/wp\/v2\/posts\/5580\/revisions"}],"predecessor-version":[{"id":5584,"href":"https:\/\/i-interact.eu\/wordpress\/index.php?rest_route=\/wp\/v2\/posts\/5580\/revisions\/5584"}],"wp:attachment":[{"href":"https:\/\/i-interact.eu\/wordpress\/index.php?rest_route=%2Fwp%2Fv2%2Fmedia&parent=5580"}],"wp:term":[{"taxonomy":"category","embeddable":true,"href":"https:\/\/i-interact.eu\/wordpress\/index.php?rest_route=%2Fwp%2Fv2%2Fcategories&post=5580"},{"taxonomy":"post_tag","embeddable":true,"href":"https:\/\/i-interact.eu\/wordpress\/index.php?rest_route=%2Fwp%2Fv2%2Ftags&post=5580"}],"curies":[{"name":"wp","href":"https:\/\/api.w.org\/{rel}","templated":true}]}}